{"id":4403,"date":"2025-01-07T10:44:07","date_gmt":"2025-01-07T15:44:07","guid":{"rendered":"https:\/\/calumetmedia.ottawavalleymedia.ca\/calumet-media-to-purchase-the-equity\/"},"modified":"2025-01-07T10:43:45","modified_gmt":"2025-01-07T15:43:45","slug":"calumet-media-to-purchase-the-equity","status":"publish","type":"post","link":"https:\/\/calumetmedia.ca\/fr\/calumet-media-to-purchase-the-equity\/","title":{"rendered":"Fusion de Calumet Media et Pontiac Printshop"},"content":{"rendered":"\n<p>Nous sommes tr\u00e8s heureux d\u2019annoncer que ma soci\u00e9t\u00e9, Calumet Media, et Pontiac Printshop, la soci\u00e9t\u00e9 m\u00e8re de <em>The Equity<\/em>, sont en voie d\u2019arriver \u00e0 une entente qui verrait les deux entreprises fusionner leurs op\u00e9rations dans les prochaines semaines. Le r\u00e9sultat sera une nouvelle entreprise dynamique, ax\u00e9e sur l\u2019engagement des lecteurs et l\u2019accompagnement des entreprises dans leur transformation num\u00e9rique.<\/p>\n\n\n\n<p>Nous sommes \u00e9galement tr\u00e8s fiers d\u2019annoncer que Charles et Sophie Kuijper Dickson continueront \u00e0 diriger <em>The Equity<\/em> et \u00e0 poursuivre l\u2019\u0153uvre des Dickson en informant les citoyens du Pontiac.<\/p>\n\n\n\n<p>Lisez l\u2019annonce sur <a href=\"https:\/\/theequity.ca\">TheEquity.ca<\/a>.<\/p>\n\n\n\n<p>Aujourd\u2019hui marque le d\u00e9but d\u2019un nouveau chapitre, un chapitre annonc\u00e9 dans les pages de ce journal il y a 30 ans. Le 11 janvier 1995, <em>The Equity<\/em> publiait un article c\u00e9l\u00e9brant un moment marquant : son audacieuse entr\u00e9e dans le monde num\u00e9rique. Dans cet article, Rosaleen Dickson, ancienne r\u00e9dactrice en chef et propri\u00e9taire de <em>The Equity<\/em>, qui avait achet\u00e9 le journal en 1953, partageait une vision transformante. Elle pr\u00e9voyait qu\u2019Internet deviendrait une plateforme o\u00f9 les journaux prosp\u00e9reraient, o\u00f9 les connexions sociales s\u2019\u00e9panouiraient, et o\u00f9 m\u00eame les discussions quotidiennes \u2013 comme d\u00e9battre d\u2019\u00e9missions t\u00e9l\u00e9 \u2013 trouveraient leur place. Elle qualifiait cette technologie \u00e9mergente de cr\u00e9atrice d\u2019une \u00ab communaut\u00e9 mondiale \u00bb.<\/p>\n\n\n\n<p><a href=\"https:\/\/theequity.ca\/schools-on-line-with-computer-networks\/\">Lisez l\u2019article de 1995 sur TheEquity.ca.<\/a><\/p>\n\n\n\n<p>\u00c0 l\u2019\u00e9poque, seulement 35 millions d\u2019ordinateurs dans le monde \u00e9taient connect\u00e9s \u00e0 Internet. Aujourd\u2019hui, il y a 32 millions de t\u00e9l\u00e9phones intelligents au Canada seulement, et plus de 5,5 milliards de personnes se connectent en ligne au moins une fois par mois.<\/p>\n\n\n\n<p>L\u2019article \u00e9tait accompagn\u00e9 d\u2019une photo d\u2019un \u00e9l\u00e8ve de 10e ann\u00e9e aux cheveux boucl\u00e9s nomm\u00e9 Jonathan Stewart, qui d\u00e9clarait qu\u2019Internet \u00e9tait \u00ab g\u00e9nial \u00bb.<\/p>\n\n\n\n<p>De bien des fa\u00e7ons, <em>The Equity<\/em> a toujours document\u00e9 l\u2019histoire du Pontiac, une ligne \u00e0 la fois. Cet article \u00e9tait proph\u00e9tique \u2013 non seulement pour l\u2019avenir d\u2019Internet et du journalisme, mais aussi pour mon propre parcours professionnel.<\/p>\n\n\n\n<p>Apr\u00e8s avoir quitt\u00e9 le Pontiac pour la ville, j\u2019ai poursuivi une carri\u00e8re dans les m\u00e9dias, devenant un pionnier des strat\u00e9gies num\u00e9riques pour les stations de radio \u00e0 travers l\u2019Ontario et l\u2019Est du Canada. En 2012, j\u2019ai rejoint le <em>Ottawa Citizen<\/em>, o\u00f9 j\u2019ai dirig\u00e9 une \u00e9volution num\u00e9rique transformatrice pour ce journal et plus d\u2019une douzaine d\u2019autres \u00e0 travers l\u2019Est de l\u2019Ontario et l\u2019Ouest du Qu\u00e9bec.<\/p>\n\n\n\n<p>Dans un rebondissement inattendu, mon bureau au <em>Citizen<\/em> \u00e9tait l\u2019ancien bureau de l\u2019\u00e9diteur \u2013 un lieu charg\u00e9 d\u2019histoire. Chaque semaine, <em>The Equity<\/em> arrivait sur mon bureau, et accroch\u00e9 au mur, se trouvait un exemplaire encadr\u00e9 de cet article de 1995. Il me rappelait constamment mes racines et le chemin qu\u2019avait pris ma carri\u00e8re.<\/p>\n\n\n\n<p>Au fil de mes deux d\u00e9cennies dans les m\u00e9dias, j\u2019ai \u00e9t\u00e9 t\u00e9moin du r\u00f4le crucial des marques dans la connexion avec leurs audiences. Qu\u2019il s\u2019agisse d\u2019un journal livrant des nouvelles de derni\u00e8re heure, d\u2019une station de radio annon\u00e7ant un concert \u00e0 venir ou d\u2019un annonceur attirant des clients dans son magasin, j\u2019ai eu un si\u00e8ge au premier rang pour observer l\u2019impact transformateur d\u2019Internet sur la communication. Cette exp\u00e9rience sera essentielle pour aider <em>The Equity<\/em> et ses annonceurs \u00e0 naviguer les changements profonds apport\u00e9s par l\u2019intelligence artificielle et d\u2019autres technologies \u00e9mergentes.<\/p>\n\n\n\n<p>Pendant la pand\u00e9mie, j\u2019ai eu l\u2019occasion de r\u00e9fl\u00e9chir \u00e0 ce qui comptait vraiment pour moi. Je suis revenu au Pontiac, attir\u00e9 par l\u2019opportunit\u00e9 de renouer avec mes racines et de contribuer \u00e0 la communaut\u00e9 qui m\u2019a form\u00e9. En 2023, j\u2019ai lanc\u00e9 Calumet Media et Consulting, une firme de services num\u00e9riques locale qui a prosp\u00e9r\u00e9 gr\u00e2ce au soutien de nombreuses entreprises et organisations locales.<\/p>\n\n\n\n<p>Calumet Media est l\u2019entreprise derri\u00e8re le relancement de la pr\u00e9sence en ligne de <em>The Equity<\/em> et ses nouvelles applications num\u00e9riques, qui ont permis au journal d\u2019atteindre de nouveaux lecteurs et d\u2019informer la communaut\u00e9 de mani\u00e8re innovante. En seulement quatre mois, nous avons constat\u00e9 une forte augmentation du nombre d\u2019abonn\u00e9s et de leur engagement. Au cours de la prochaine ann\u00e9e, nous introduirons encore plus d\u2019initiatives passionnantes pour atteindre un public plus large dans toute la r\u00e9gion.<\/p>\n\n\n\n<p>Gr\u00e2ce \u00e0 mon travail avec Charles Dickson et <em>The Equity<\/em>, il est devenu \u00e9vident que nous sommes plus forts ensemble. Cette fusion repr\u00e9sente une opportunit\u00e9 unique pour les deux organisations. Pour <em>The Equity<\/em>, une institution pr\u00e9cieuse vieille de 142 ans, cela garantit la capacit\u00e9 de relever les d\u00e9fis du journalisme moderne. Pour Calumet Media, c\u2019est une chance de se d\u00e9velopper dans le Pontiac et de mener l\u2019\u00e9volution num\u00e9rique de la r\u00e9gion.<\/p>\n\n\n\n<p>Il est important de noter que Charles et Sophie Kuijper Dickson continueront de diriger ind\u00e9pendamment le d\u00e9partement \u00e9ditorial, garantissant que La Voix du Pontiac conserve son accent inimitable des Dickson.<\/p>\n\n\n\n<p>Alors que 2025 commence, les journaux \u00e0 travers le pays feront face \u00e0 des d\u00e9fis importants, et beaucoup risquent de fermer. C\u2019est une r\u00e9alit\u00e9 difficile, mais aussi un t\u00e9moignage de l\u2019importance de la vision et de l\u2019adaptation. Je suis profond\u00e9ment reconnaissant envers la famille Dickson pour leur approche avant-gardiste et leur reconnaissance de ce moment critique.<\/p>\n\n\n\n<p>Alors que d\u2019autres font face \u00e0 l\u2019incertitude, <em>The Equity<\/em> est bien positionn\u00e9 pour un avenir prometteur, continuant de servir de voix solide pour notre communaut\u00e9. Cela signifie-t-il des changements pour notre publication imprim\u00e9e ? Oui. Il serait irr\u00e9aliste d\u2019ignorer que les jours de la presse \u00e9crite sont compt\u00e9s. Les publications qui prosp\u00e9reront seront celles qui se pr\u00e9pareront \u00e0 cette transition in\u00e9vitable vers une distribution d\u2019abord num\u00e9rique, et finalement uniquement num\u00e9rique.<\/p>\n\n\n\n<p>Aucun changement imm\u00e9diat n\u2019est pr\u00e9vu. Votre journal continuera \u00e0 \u00eatre livr\u00e9 \u00e0 votre porte comme toujours. Cependant, il est temps de commencer une conversation sur la meilleure fa\u00e7on de livrer les nouvelles \u00e0 nos lecteurs \u00e0 l\u2019avenir.<\/p>\n\n\n\n<p>Le changement n\u2019est pas quelque chose \u00e0 craindre. Aujourd\u2019hui, plus de gens se connectent \u00e0 <em>TheEquity.ca<\/em> qu\u2019ils ne lisent notre \u00e9dition imprim\u00e9e \u2013 une tendance qui se poursuivra sans aucun doute. Peu importe la plateforme, nous restons profond\u00e9ment engag\u00e9s envers le d\u00e9vouement qui a commenc\u00e9 il y a 142 ans, garantissant que <em>The Equity<\/em> demeure une pierre angulaire du Pontiac pour les g\u00e9n\u00e9rations \u00e0 venir.<\/p>\n\n\n\n<p>Et en tant qu\u2019abonn\u00e9 de longue date, j\u2019ai h\u00e2te de voir les choses \u00ab g\u00e9niales \u00bb que <em>The Equity<\/em> accomplira dans les nombreuses ann\u00e9es \u00e0 venir.<\/p>\n\n\n\n<p>Jon Stewart<br>Propri\u00e9taire, Calumet Media<\/p>\n","protected":false},"excerpt":{"rendered":"<p>Nous sommes tr\u00e8s heureux d\u2019annoncer que ma soci\u00e9t\u00e9, Calumet Media, et Pontiac Printshop, la soci\u00e9t\u00e9 m\u00e8re de The Equity, sont en voie d\u2019arriver \u00e0 une entente qui verrait les deux entreprises fusionner leurs op\u00e9rations dans les prochaines semaines. Le r\u00e9sultat sera une nouvelle entreprise dynamique, ax\u00e9e sur l\u2019engagement des lecteurs et l\u2019accompagnement des entreprises dans [&hellip;]<\/p>\n","protected":false},"author":1,"featured_media":4395,"comment_status":"open","ping_status":"open","sticky":false,"template":"","format":"standard","meta":{"footnotes":""},"categories":[103,77],"tags":[],"class_list":["post-4403","post","type-post","status-publish","format-standard","has-post-thumbnail","hentry","category-annonce","category-page-daccueil"],"yoast_head":"<!-- This site is optimized with the Yoast SEO plugin v27.5 - https:\/\/yoast.com\/product\/yoast-seo-wordpress\/ -->\n<title>Fusion de Calumet Media et Pontiac Printshop - Calumet Media<\/title>\n<meta name=\"robots\" content=\"index, follow, max-snippet:-1, max-image-preview:large, max-video-preview:-1\" \/>\n<link rel=\"canonical\" href=\"https:\/\/calumetmedia.ca\/fr\/calumet-media-to-purchase-the-equity\/\" \/>\n<meta property=\"og:locale\" content=\"fr_FR\" \/>\n<meta property=\"og:type\" content=\"article\" \/>\n<meta property=\"og:title\" content=\"Fusion de Calumet Media et Pontiac Printshop - Calumet Media\" \/>\n<meta property=\"og:description\" content=\"Nous sommes tr\u00e8s heureux d\u2019annoncer que ma soci\u00e9t\u00e9, Calumet Media, et Pontiac Printshop, la soci\u00e9t\u00e9 m\u00e8re de The Equity, sont en voie d\u2019arriver \u00e0 une entente qui verrait les deux entreprises fusionner leurs op\u00e9rations dans les prochaines semaines. Le r\u00e9sultat sera une nouvelle entreprise dynamique, ax\u00e9e sur l\u2019engagement des lecteurs et l\u2019accompagnement des entreprises dans [&hellip;]\" \/>\n<meta property=\"og:url\" content=\"https:\/\/calumetmedia.ca\/fr\/calumet-media-to-purchase-the-equity\/\" \/>\n<meta property=\"og:site_name\" content=\"Calumet Media\" \/>\n<meta property=\"article:publisher\" content=\"https:\/\/www.facebook.com\/calumetmedia\" \/>\n<meta property=\"article:author\" content=\"http:\/\/www.instagram.com\/jonstewartshow\" \/>\n<meta property=\"article:published_time\" content=\"2025-01-07T15:44:07+00:00\" \/>\n<meta property=\"og:image\" content=\"https:\/\/calumetmedia.ca\/wp-content\/uploads\/2025\/01\/jon-the-equity-purchase.webp\" \/>\n\t<meta property=\"og:image:width\" content=\"1540\" \/>\n\t<meta property=\"og:image:height\" content=\"1026\" \/>\n\t<meta property=\"og:image:type\" content=\"image\/webp\" \/>\n<meta name=\"author\" content=\"Jon Stewart\" \/>\n<meta name=\"twitter:card\" content=\"summary_large_image\" \/>\n<meta name=\"twitter:creator\" content=\"@JonStewartShow\" \/>\n<meta name=\"twitter:site\" content=\"@calumetmedia\" \/>\n<meta name=\"twitter:label1\" content=\"\u00c9crit par\" \/>\n\t<meta name=\"twitter:data1\" content=\"Jon Stewart\" \/>\n\t<meta name=\"twitter:label2\" content=\"Dur\u00e9e de lecture estim\u00e9e\" \/>\n\t<meta name=\"twitter:data2\" content=\"6 minutes\" \/>\n<script type=\"application\/ld+json\" class=\"yoast-schema-graph\">{\"@context\":\"https:\\\/\\\/schema.org\",\"@graph\":[{\"@type\":\"Article\",\"@id\":\"https:\\\/\\\/calumetmedia.ca\\\/fr\\\/calumet-media-to-purchase-the-equity\\\/#article\",\"isPartOf\":{\"@id\":\"https:\\\/\\\/calumetmedia.ca\\\/fr\\\/calumet-media-to-purchase-the-equity\\\/\"},\"author\":{\"name\":\"Jon Stewart\",\"@id\":\"https:\\\/\\\/calumetmedia.ca\\\/fr\\\/#\\\/schema\\\/person\\\/6f577b023197a5a66d3d6e97f9112ffb\"},\"headline\":\"Fusion de Calumet Media et Pontiac Printshop\",\"datePublished\":\"2025-01-07T15:44:07+00:00\",\"mainEntityOfPage\":{\"@id\":\"https:\\\/\\\/calumetmedia.ca\\\/fr\\\/calumet-media-to-purchase-the-equity\\\/\"},\"wordCount\":1141,\"commentCount\":0,\"publisher\":{\"@id\":\"https:\\\/\\\/calumetmedia.ca\\\/fr\\\/#organization\"},\"image\":{\"@id\":\"https:\\\/\\\/calumetmedia.ca\\\/fr\\\/calumet-media-to-purchase-the-equity\\\/#primaryimage\"},\"thumbnailUrl\":\"https:\\\/\\\/calumetmedia.ca\\\/wp-content\\\/uploads\\\/2025\\\/01\\\/jon-the-equity-purchase.webp\",\"articleSection\":[\"Annonce\",\"Page d'accueil\"],\"inLanguage\":\"fr-FR\",\"potentialAction\":[{\"@type\":\"CommentAction\",\"name\":\"Comment\",\"target\":[\"https:\\\/\\\/calumetmedia.ca\\\/fr\\\/calumet-media-to-purchase-the-equity\\\/#respond\"]}]},{\"@type\":\"WebPage\",\"@id\":\"https:\\\/\\\/calumetmedia.ca\\\/fr\\\/calumet-media-to-purchase-the-equity\\\/\",\"url\":\"https:\\\/\\\/calumetmedia.ca\\\/fr\\\/calumet-media-to-purchase-the-equity\\\/\",\"name\":\"Fusion de Calumet Media et Pontiac Printshop - Calumet Media\",\"isPartOf\":{\"@id\":\"https:\\\/\\\/calumetmedia.ca\\\/fr\\\/#website\"},\"primaryImageOfPage\":{\"@id\":\"https:\\\/\\\/calumetmedia.ca\\\/fr\\\/calumet-media-to-purchase-the-equity\\\/#primaryimage\"},\"image\":{\"@id\":\"https:\\\/\\\/calumetmedia.ca\\\/fr\\\/calumet-media-to-purchase-the-equity\\\/#primaryimage\"},\"thumbnailUrl\":\"https:\\\/\\\/calumetmedia.ca\\\/wp-content\\\/uploads\\\/2025\\\/01\\\/jon-the-equity-purchase.webp\",\"datePublished\":\"2025-01-07T15:44:07+00:00\",\"breadcrumb\":{\"@id\":\"https:\\\/\\\/calumetmedia.ca\\\/fr\\\/calumet-media-to-purchase-the-equity\\\/#breadcrumb\"},\"inLanguage\":\"fr-FR\",\"potentialAction\":[{\"@type\":\"ReadAction\",\"target\":[\"https:\\\/\\\/calumetmedia.ca\\\/fr\\\/calumet-media-to-purchase-the-equity\\\/\"]}]},{\"@type\":\"ImageObject\",\"inLanguage\":\"fr-FR\",\"@id\":\"https:\\\/\\\/calumetmedia.ca\\\/fr\\\/calumet-media-to-purchase-the-equity\\\/#primaryimage\",\"url\":\"https:\\\/\\\/calumetmedia.ca\\\/wp-content\\\/uploads\\\/2025\\\/01\\\/jon-the-equity-purchase.webp\",\"contentUrl\":\"https:\\\/\\\/calumetmedia.ca\\\/wp-content\\\/uploads\\\/2025\\\/01\\\/jon-the-equity-purchase.webp\",\"width\":1540,\"height\":1026,\"caption\":\"Purchase of The Equity\"},{\"@type\":\"BreadcrumbList\",\"@id\":\"https:\\\/\\\/calumetmedia.ca\\\/fr\\\/calumet-media-to-purchase-the-equity\\\/#breadcrumb\",\"itemListElement\":[{\"@type\":\"ListItem\",\"position\":1,\"name\":\"Home\",\"item\":\"https:\\\/\\\/calumetmedia.ca\\\/fr\\\/\"},{\"@type\":\"ListItem\",\"position\":2,\"name\":\"Fusion de Calumet Media et Pontiac Printshop\"}]},{\"@type\":\"WebSite\",\"@id\":\"https:\\\/\\\/calumetmedia.ca\\\/fr\\\/#website\",\"url\":\"https:\\\/\\\/calumetmedia.ca\\\/fr\\\/\",\"name\":\"Calumet Media and Consulting\",\"description\":\"Solutions de marketing compl\u00e8tes pour les entreprises locales\",\"publisher\":{\"@id\":\"https:\\\/\\\/calumetmedia.ca\\\/fr\\\/#organization\"},\"alternateName\":\"Calumet Media\",\"potentialAction\":[{\"@type\":\"SearchAction\",\"target\":{\"@type\":\"EntryPoint\",\"urlTemplate\":\"https:\\\/\\\/calumetmedia.ca\\\/fr\\\/?s={search_term_string}\"},\"query-input\":{\"@type\":\"PropertyValueSpecification\",\"valueRequired\":true,\"valueName\":\"search_term_string\"}}],\"inLanguage\":\"fr-FR\"},{\"@type\":\"Organization\",\"@id\":\"https:\\\/\\\/calumetmedia.ca\\\/fr\\\/#organization\",\"name\":\"Calumet Media and Consulting\",\"alternateName\":\"Calumet Media\",\"url\":\"https:\\\/\\\/calumetmedia.ca\\\/fr\\\/\",\"logo\":{\"@type\":\"ImageObject\",\"inLanguage\":\"fr-FR\",\"@id\":\"https:\\\/\\\/calumetmedia.ca\\\/fr\\\/#\\\/schema\\\/logo\\\/image\\\/\",\"url\":\"https:\\\/\\\/qbse39.p3cdn1.secureserver.net\\\/wp-content\\\/uploads\\\/2023\\\/01\\\/chat-icon-calumet-long.png?time=1677097172\",\"contentUrl\":\"https:\\\/\\\/qbse39.p3cdn1.secureserver.net\\\/wp-content\\\/uploads\\\/2023\\\/01\\\/chat-icon-calumet-long.png?time=1677097172\",\"width\":648,\"height\":468,\"caption\":\"Calumet Media and Consulting\"},\"image\":{\"@id\":\"https:\\\/\\\/calumetmedia.ca\\\/fr\\\/#\\\/schema\\\/logo\\\/image\\\/\"},\"sameAs\":[\"https:\\\/\\\/www.facebook.com\\\/calumetmedia\",\"https:\\\/\\\/x.com\\\/calumetmedia\",\"https:\\\/\\\/www.linkedin.com\\\/company\\\/calumet-media-consulting\\\/\",\"http:\\\/\\\/www.instagram.com\\\/jonstewartshow\"]},{\"@type\":\"Person\",\"@id\":\"https:\\\/\\\/calumetmedia.ca\\\/fr\\\/#\\\/schema\\\/person\\\/6f577b023197a5a66d3d6e97f9112ffb\",\"name\":\"Jon Stewart\",\"image\":{\"@type\":\"ImageObject\",\"inLanguage\":\"fr-FR\",\"@id\":\"https:\\\/\\\/secure.gravatar.com\\\/avatar\\\/8083a3249676f6bd39b949bb7a88aaa7f607e4059ace93425db991e4711a1f0a?s=96&d=blank&r=g\",\"url\":\"https:\\\/\\\/secure.gravatar.com\\\/avatar\\\/8083a3249676f6bd39b949bb7a88aaa7f607e4059ace93425db991e4711a1f0a?s=96&d=blank&r=g\",\"contentUrl\":\"https:\\\/\\\/secure.gravatar.com\\\/avatar\\\/8083a3249676f6bd39b949bb7a88aaa7f607e4059ace93425db991e4711a1f0a?s=96&d=blank&r=g\",\"caption\":\"Jon Stewart\"},\"description\":\"Located in the Pontiac region of Quebec, Jon is a sales and marketing executive with more than twenty years of experience in the radio and media industries. Passionate about helping businesses get their footing in the constantly evolving digital landscape, he can be reached at jon@calumetmedia.ca.\",\"sameAs\":[\"https:\\\/\\\/calumetmedia.ca\",\"http:\\\/\\\/www.instagram.com\\\/jonstewartshow\",\"http:\\\/\\\/www.linkedin.com\\\/in\\\/jonstewartshow\",\"https:\\\/\\\/x.com\\\/JonStewartShow\"],\"url\":\"https:\\\/\\\/calumetmedia.ca\\\/fr\\\/author\\\/dailyshow\\\/\"}]}<\/script>\n<!-- \/ Yoast SEO plugin. -->","yoast_head_json":{"title":"Fusion de Calumet Media et Pontiac Printshop - Calumet Media","robots":{"index":"index","follow":"follow","max-snippet":"max-snippet:-1","max-image-preview":"max-image-preview:large","max-video-preview":"max-video-preview:-1"},"canonical":"https:\/\/calumetmedia.ca\/fr\/calumet-media-to-purchase-the-equity\/","og_locale":"fr_FR","og_type":"article","og_title":"Fusion de Calumet Media et Pontiac Printshop - Calumet Media","og_description":"Nous sommes tr\u00e8s heureux d\u2019annoncer que ma soci\u00e9t\u00e9, Calumet Media, et Pontiac Printshop, la soci\u00e9t\u00e9 m\u00e8re de The Equity, sont en voie d\u2019arriver \u00e0 une entente qui verrait les deux entreprises fusionner leurs op\u00e9rations dans les prochaines semaines. Le r\u00e9sultat sera une nouvelle entreprise dynamique, ax\u00e9e sur l\u2019engagement des lecteurs et l\u2019accompagnement des entreprises dans [&hellip;]","og_url":"https:\/\/calumetmedia.ca\/fr\/calumet-media-to-purchase-the-equity\/","og_site_name":"Calumet Media","article_publisher":"https:\/\/www.facebook.com\/calumetmedia","article_author":"http:\/\/www.instagram.com\/jonstewartshow","article_published_time":"2025-01-07T15:44:07+00:00","og_image":[{"width":1540,"height":1026,"url":"https:\/\/calumetmedia.ca\/wp-content\/uploads\/2025\/01\/jon-the-equity-purchase.webp","type":"image\/webp"}],"author":"Jon Stewart","twitter_card":"summary_large_image","twitter_creator":"@JonStewartShow","twitter_site":"@calumetmedia","twitter_misc":{"\u00c9crit par":"Jon Stewart","Dur\u00e9e de lecture estim\u00e9e":"6 minutes"},"schema":{"@context":"https:\/\/schema.org","@graph":[{"@type":"Article","@id":"https:\/\/calumetmedia.ca\/fr\/calumet-media-to-purchase-the-equity\/#article","isPartOf":{"@id":"https:\/\/calumetmedia.ca\/fr\/calumet-media-to-purchase-the-equity\/"},"author":{"name":"Jon Stewart","@id":"https:\/\/calumetmedia.ca\/fr\/#\/schema\/person\/6f577b023197a5a66d3d6e97f9112ffb"},"headline":"Fusion de Calumet Media et Pontiac Printshop","datePublished":"2025-01-07T15:44:07+00:00","mainEntityOfPage":{"@id":"https:\/\/calumetmedia.ca\/fr\/calumet-media-to-purchase-the-equity\/"},"wordCount":1141,"commentCount":0,"publisher":{"@id":"https:\/\/calumetmedia.ca\/fr\/#organization"},"image":{"@id":"https:\/\/calumetmedia.ca\/fr\/calumet-media-to-purchase-the-equity\/#primaryimage"},"thumbnailUrl":"https:\/\/calumetmedia.ca\/wp-content\/uploads\/2025\/01\/jon-the-equity-purchase.webp","articleSection":["Annonce","Page d'accueil"],"inLanguage":"fr-FR","potentialAction":[{"@type":"CommentAction","name":"Comment","target":["https:\/\/calumetmedia.ca\/fr\/calumet-media-to-purchase-the-equity\/#respond"]}]},{"@type":"WebPage","@id":"https:\/\/calumetmedia.ca\/fr\/calumet-media-to-purchase-the-equity\/","url":"https:\/\/calumetmedia.ca\/fr\/calumet-media-to-purchase-the-equity\/","name":"Fusion de Calumet Media et Pontiac Printshop - Calumet Media","isPartOf":{"@id":"https:\/\/calumetmedia.ca\/fr\/#website"},"primaryImageOfPage":{"@id":"https:\/\/calumetmedia.ca\/fr\/calumet-media-to-purchase-the-equity\/#primaryimage"},"image":{"@id":"https:\/\/calumetmedia.ca\/fr\/calumet-media-to-purchase-the-equity\/#primaryimage"},"thumbnailUrl":"https:\/\/calumetmedia.ca\/wp-content\/uploads\/2025\/01\/jon-the-equity-purchase.webp","datePublished":"2025-01-07T15:44:07+00:00","breadcrumb":{"@id":"https:\/\/calumetmedia.ca\/fr\/calumet-media-to-purchase-the-equity\/#breadcrumb"},"inLanguage":"fr-FR","potentialAction":[{"@type":"ReadAction","target":["https:\/\/calumetmedia.ca\/fr\/calumet-media-to-purchase-the-equity\/"]}]},{"@type":"ImageObject","inLanguage":"fr-FR","@id":"https:\/\/calumetmedia.ca\/fr\/calumet-media-to-purchase-the-equity\/#primaryimage","url":"https:\/\/calumetmedia.ca\/wp-content\/uploads\/2025\/01\/jon-the-equity-purchase.webp","contentUrl":"https:\/\/calumetmedia.ca\/wp-content\/uploads\/2025\/01\/jon-the-equity-purchase.webp","width":1540,"height":1026,"caption":"Purchase of The Equity"},{"@type":"BreadcrumbList","@id":"https:\/\/calumetmedia.ca\/fr\/calumet-media-to-purchase-the-equity\/#breadcrumb","itemListElement":[{"@type":"ListItem","position":1,"name":"Home","item":"https:\/\/calumetmedia.ca\/fr\/"},{"@type":"ListItem","position":2,"name":"Fusion de Calumet Media et Pontiac Printshop"}]},{"@type":"WebSite","@id":"https:\/\/calumetmedia.ca\/fr\/#website","url":"https:\/\/calumetmedia.ca\/fr\/","name":"Calumet Media and Consulting","description":"Solutions de marketing compl\u00e8tes pour les entreprises locales","publisher":{"@id":"https:\/\/calumetmedia.ca\/fr\/#organization"},"alternateName":"Calumet Media","potentialAction":[{"@type":"SearchAction","target":{"@type":"EntryPoint","urlTemplate":"https:\/\/calumetmedia.ca\/fr\/?s={search_term_string}"},"query-input":{"@type":"PropertyValueSpecification","valueRequired":true,"valueName":"search_term_string"}}],"inLanguage":"fr-FR"},{"@type":"Organization","@id":"https:\/\/calumetmedia.ca\/fr\/#organization","name":"Calumet Media and Consulting","alternateName":"Calumet Media","url":"https:\/\/calumetmedia.ca\/fr\/","logo":{"@type":"ImageObject","inLanguage":"fr-FR","@id":"https:\/\/calumetmedia.ca\/fr\/#\/schema\/logo\/image\/","url":"https:\/\/qbse39.p3cdn1.secureserver.net\/wp-content\/uploads\/2023\/01\/chat-icon-calumet-long.png?time=1677097172","contentUrl":"https:\/\/qbse39.p3cdn1.secureserver.net\/wp-content\/uploads\/2023\/01\/chat-icon-calumet-long.png?time=1677097172","width":648,"height":468,"caption":"Calumet Media and Consulting"},"image":{"@id":"https:\/\/calumetmedia.ca\/fr\/#\/schema\/logo\/image\/"},"sameAs":["https:\/\/www.facebook.com\/calumetmedia","https:\/\/x.com\/calumetmedia","https:\/\/www.linkedin.com\/company\/calumet-media-consulting\/","http:\/\/www.instagram.com\/jonstewartshow"]},{"@type":"Person","@id":"https:\/\/calumetmedia.ca\/fr\/#\/schema\/person\/6f577b023197a5a66d3d6e97f9112ffb","name":"Jon Stewart","image":{"@type":"ImageObject","inLanguage":"fr-FR","@id":"https:\/\/secure.gravatar.com\/avatar\/8083a3249676f6bd39b949bb7a88aaa7f607e4059ace93425db991e4711a1f0a?s=96&d=blank&r=g","url":"https:\/\/secure.gravatar.com\/avatar\/8083a3249676f6bd39b949bb7a88aaa7f607e4059ace93425db991e4711a1f0a?s=96&d=blank&r=g","contentUrl":"https:\/\/secure.gravatar.com\/avatar\/8083a3249676f6bd39b949bb7a88aaa7f607e4059ace93425db991e4711a1f0a?s=96&d=blank&r=g","caption":"Jon Stewart"},"description":"Located in the Pontiac region of Quebec, Jon is a sales and marketing executive with more than twenty years of experience in the radio and media industries. Passionate about helping businesses get their footing in the constantly evolving digital landscape, he can be reached at jon@calumetmedia.ca.","sameAs":["https:\/\/calumetmedia.ca","http:\/\/www.instagram.com\/jonstewartshow","http:\/\/www.linkedin.com\/in\/jonstewartshow","https:\/\/x.com\/JonStewartShow"],"url":"https:\/\/calumetmedia.ca\/fr\/author\/dailyshow\/"}]}},"_links":{"self":[{"href":"https:\/\/calumetmedia.ca\/fr\/wp-json\/wp\/v2\/posts\/4403","targetHints":{"allow":["GET"]}}],"collection":[{"href":"https:\/\/calumetmedia.ca\/fr\/wp-json\/wp\/v2\/posts"}],"about":[{"href":"https:\/\/calumetmedia.ca\/fr\/wp-json\/wp\/v2\/types\/post"}],"author":[{"embeddable":true,"href":"https:\/\/calumetmedia.ca\/fr\/wp-json\/wp\/v2\/users\/1"}],"replies":[{"embeddable":true,"href":"https:\/\/calumetmedia.ca\/fr\/wp-json\/wp\/v2\/comments?post=4403"}],"version-history":[{"count":1,"href":"https:\/\/calumetmedia.ca\/fr\/wp-json\/wp\/v2\/posts\/4403\/revisions"}],"predecessor-version":[{"id":4405,"href":"https:\/\/calumetmedia.ca\/fr\/wp-json\/wp\/v2\/posts\/4403\/revisions\/4405"}],"wp:featuredmedia":[{"embeddable":true,"href":"https:\/\/calumetmedia.ca\/fr\/wp-json\/wp\/v2\/media\/4395"}],"wp:attachment":[{"href":"https:\/\/calumetmedia.ca\/fr\/wp-json\/wp\/v2\/media?parent=4403"}],"wp:term":[{"taxonomy":"category","embeddable":true,"href":"https:\/\/calumetmedia.ca\/fr\/wp-json\/wp\/v2\/categories?post=4403"},{"taxonomy":"post_tag","embeddable":true,"href":"https:\/\/calumetmedia.ca\/fr\/wp-json\/wp\/v2\/tags?post=4403"}],"curies":[{"name":"wp","href":"https:\/\/api.w.org\/{rel}","templated":true}]}}