{"id":5451,"date":"2025-09-02T14:56:03","date_gmt":"2025-09-02T18:56:03","guid":{"rendered":"https:\/\/calumetmedia.ca\/the-equity-to-increase-size-subscription-rates-for-new-subscribers\/"},"modified":"2025-09-02T15:02:01","modified_gmt":"2025-09-02T19:02:01","slug":"the-equity-to-increase-size-subscription-rates-for-new-subscribers","status":"publish","type":"post","link":"https:\/\/calumetmedia.ca\/fr\/the-equity-to-increase-size-subscription-rates-for-new-subscribers\/","title":{"rendered":"The Equity augmente son format et ses tarifs d\u2019abonnement pour les nouveaux abonn\u00e9s"},"content":{"rendered":"\n<p><em>Cet article a d\u2019abord \u00e9t\u00e9 publi\u00e9 dans The Equity le mercredi 3 septembre 2025.<\/em><\/p>\n\n\n\n<p>Ce n\u2019est un secret pour personne : l\u2019industrie de l\u2019information locale traverse des temps difficiles. Alors que des journaux partout au pays r\u00e9duisent leurs activit\u00e9s, sous-traitent ou ferment carr\u00e9ment leurs portes, nous avons trouv\u00e9 des fa\u00e7ons d\u2019investir dans notre produit et dans nos m\u00e9thodes de diffusion.<\/p>\n\n\n\n<p>Au cours des derniers mois, nous avons constat\u00e9 des r\u00e9sultats encourageants. Les abonnements augmentent, tout comme l\u2019engagement en ligne, et notre \u00e9dition du 20 ao\u00fbt comptait 24 pages de nouvelles et de chroniques locales, soutenues par un appui solide des entreprises de la r\u00e9gion \u2014 autant de signes que nous racontons les histoires que les gens veulent lire, et que nous les livrons aux bons endroits.<\/p>\n\n\n\n<p>\u00c0 compter du 1er octobre, <em>THE EQUITY<\/em> passera de 8 \u00e0 12 pages par semaine \u2014 une augmentation de 50 %. Cela signifie plus de nouvelles, de photos, d\u2019\u00e9v\u00e9nements communautaires et vos lettres, livr\u00e9s par notre \u00e9quipe locale.<\/p>\n\n\n\n<p>En septembre dernier, nous avons ajust\u00e9 nos tarifs d\u2019abonnement pour la premi\u00e8re fois depuis de nombreuses ann\u00e9es. Ce fut une d\u00e9cision difficile mais n\u00e9cessaire, compte tenu de la hausse des co\u00fbts de main-d\u2019\u0153uvre, d\u2019impression et de livraison. Plus t\u00f4t ce printemps, nous avons sond\u00e9 lecteurs et non-lecteurs, et la grande majorit\u00e9 a affirm\u00e9 \u00eatre pr\u00eate \u00e0 payer davantage pour un journalisme local de qualit\u00e9.<\/p>\n\n\n\n<p>\u00c0 la suite de ces commentaires, nous avons fix\u00e9 le prix du num\u00e9ro \u00e0 l\u2019unit\u00e9 \u00e0 1,74 $ plus taxes \u2014 soit simplement un deux dollars. Aujourd\u2019hui, nous apportons un nouvel ajustement, mais cette fois seulement pour les nouveaux abonnements.<\/p>\n\n\n\n<p>Un mot pour nos abonn\u00e9s actuels : vos tarifs ne seront pas touch\u00e9s par ce changement.<\/p>\n\n\n\n<p>D\u00e8s le 1er octobre, les nouveaux tarifs d\u2019abonnement seront :<\/p>\n\n\n\n<ul class=\"wp-block-list\">\n<li>Livraison \u00e0 domicile : 69,99 $ par an (environ 1,40 $ par num\u00e9ro)<\/li>\n\n\n\n<li>Num\u00e9rique seulement (annuel) : 54,99 $ par an<\/li>\n\n\n\n<li>Num\u00e9rique seulement (mensuel) : 5,99 $ par mois<\/li>\n<\/ul>\n\n\n\n<p>Les nouveaux abonn\u00e9s peuvent encore profiter des tarifs actuels en s\u2019abonnant avant le 1er octobre. Les abonn\u00e9s existants ne seront pas touch\u00e9s par ce changement et renouvelleront \u00e0 nos tarifs actuels.<\/p>\n\n\n\n<p>De plus, nous introduisons une nouvelle option pour ceux qui souhaitent aller plus loin dans leur soutien au journalisme local. Au moment du renouvellement, vous aurez la possibilit\u00e9 d\u2019ajouter une contribution au-dessus de votre tarif d\u2019abonnement, et cela reste enti\u00e8rement volontaire.<\/p>\n\n\n\n<p>Merci de continuer \u00e0 soutenir l\u2019information locale dans le Pontiac.<\/p>\n\n\n\n<p>Jon Stewart<br>\u00c9diteur, <em>The Equity<\/em><\/p>\n\n\n\n<p><\/p>\n","protected":false},"excerpt":{"rendered":"<p>Cet article a d\u2019abord \u00e9t\u00e9 publi\u00e9 dans The Equity le mercredi 3 septembre 2025. Ce n\u2019est un secret pour personne : l\u2019industrie de l\u2019information locale traverse des temps difficiles. Alors que des journaux partout au pays r\u00e9duisent leurs activit\u00e9s, sous-traitent ou ferment carr\u00e9ment leurs portes, nous avons trouv\u00e9 des fa\u00e7ons d\u2019investir dans notre produit et [&hellip;]<\/p>\n","protected":false},"author":1,"featured_media":5392,"comment_status":"closed","ping_status":"closed","sticky":false,"template":"","format":"standard","meta":{"footnotes":""},"categories":[],"tags":[],"class_list":["post-5451","post","type-post","status-publish","format-standard","has-post-thumbnail","hentry"],"yoast_head":"<!-- This site is optimized with the Yoast SEO plugin v27.5 - https:\/\/yoast.com\/product\/yoast-seo-wordpress\/ -->\n<title>The Equity augmente son format et ses tarifs d\u2019abonnement pour les nouveaux abonn\u00e9s - Calumet Media<\/title>\n<meta name=\"robots\" content=\"index, follow, max-snippet:-1, max-image-preview:large, max-video-preview:-1\" \/>\n<link rel=\"canonical\" href=\"https:\/\/calumetmedia.ca\/fr\/the-equity-to-increase-size-subscription-rates-for-new-subscribers\/\" \/>\n<meta property=\"og:locale\" content=\"fr_FR\" \/>\n<meta property=\"og:type\" content=\"article\" \/>\n<meta property=\"og:title\" content=\"The Equity augmente son format et ses tarifs d\u2019abonnement pour les nouveaux abonn\u00e9s - Calumet Media\" \/>\n<meta property=\"og:description\" content=\"Cet article a d\u2019abord \u00e9t\u00e9 publi\u00e9 dans The Equity le mercredi 3 septembre 2025. Ce n\u2019est un secret pour personne : l\u2019industrie de l\u2019information locale traverse des temps difficiles. Alors que des journaux partout au pays r\u00e9duisent leurs activit\u00e9s, sous-traitent ou ferment carr\u00e9ment leurs portes, nous avons trouv\u00e9 des fa\u00e7ons d\u2019investir dans notre produit et [&hellip;]\" \/>\n<meta property=\"og:url\" content=\"https:\/\/calumetmedia.ca\/fr\/the-equity-to-increase-size-subscription-rates-for-new-subscribers\/\" \/>\n<meta property=\"og:site_name\" content=\"Calumet Media\" \/>\n<meta property=\"article:publisher\" content=\"https:\/\/www.facebook.com\/calumetmedia\" \/>\n<meta property=\"article:author\" content=\"http:\/\/www.instagram.com\/jonstewartshow\" \/>\n<meta property=\"article:published_time\" content=\"2025-09-02T18:56:03+00:00\" \/>\n<meta property=\"article:modified_time\" content=\"2025-09-02T19:02:01+00:00\" \/>\n<meta property=\"og:image\" content=\"https:\/\/calumetmedia.ca\/wp-content\/uploads\/2025\/07\/the_equity_story.webp\" \/>\n\t<meta property=\"og:image:width\" content=\"2000\" \/>\n\t<meta property=\"og:image:height\" content=\"1333\" \/>\n\t<meta property=\"og:image:type\" content=\"image\/webp\" \/>\n<meta name=\"author\" content=\"Jon Stewart\" \/>\n<meta name=\"twitter:card\" content=\"summary_large_image\" \/>\n<meta name=\"twitter:creator\" content=\"@JonStewartShow\" \/>\n<meta name=\"twitter:site\" content=\"@calumetmedia\" \/>\n<meta name=\"twitter:label1\" content=\"\u00c9crit par\" \/>\n\t<meta name=\"twitter:data1\" content=\"Jon Stewart\" \/>\n\t<meta name=\"twitter:label2\" content=\"Dur\u00e9e de lecture estim\u00e9e\" \/>\n\t<meta name=\"twitter:data2\" content=\"2 minutes\" \/>\n<script type=\"application\/ld+json\" class=\"yoast-schema-graph\">{\"@context\":\"https:\\\/\\\/schema.org\",\"@graph\":[{\"@type\":\"Article\",\"@id\":\"https:\\\/\\\/calumetmedia.ca\\\/fr\\\/the-equity-to-increase-size-subscription-rates-for-new-subscribers\\\/#article\",\"isPartOf\":{\"@id\":\"https:\\\/\\\/calumetmedia.ca\\\/fr\\\/the-equity-to-increase-size-subscription-rates-for-new-subscribers\\\/\"},\"author\":{\"name\":\"Jon Stewart\",\"@id\":\"https:\\\/\\\/calumetmedia.ca\\\/fr\\\/#\\\/schema\\\/person\\\/6f577b023197a5a66d3d6e97f9112ffb\"},\"headline\":\"The Equity augmente son format et ses tarifs d\u2019abonnement pour les nouveaux abonn\u00e9s\",\"datePublished\":\"2025-09-02T18:56:03+00:00\",\"dateModified\":\"2025-09-02T19:02:01+00:00\",\"mainEntityOfPage\":{\"@id\":\"https:\\\/\\\/calumetmedia.ca\\\/fr\\\/the-equity-to-increase-size-subscription-rates-for-new-subscribers\\\/\"},\"wordCount\":434,\"publisher\":{\"@id\":\"https:\\\/\\\/calumetmedia.ca\\\/fr\\\/#organization\"},\"image\":{\"@id\":\"https:\\\/\\\/calumetmedia.ca\\\/fr\\\/the-equity-to-increase-size-subscription-rates-for-new-subscribers\\\/#primaryimage\"},\"thumbnailUrl\":\"https:\\\/\\\/calumetmedia.ca\\\/wp-content\\\/uploads\\\/2025\\\/07\\\/the_equity_story.webp\",\"inLanguage\":\"fr-FR\"},{\"@type\":\"WebPage\",\"@id\":\"https:\\\/\\\/calumetmedia.ca\\\/fr\\\/the-equity-to-increase-size-subscription-rates-for-new-subscribers\\\/\",\"url\":\"https:\\\/\\\/calumetmedia.ca\\\/fr\\\/the-equity-to-increase-size-subscription-rates-for-new-subscribers\\\/\",\"name\":\"The Equity augmente son format et ses tarifs d\u2019abonnement pour les nouveaux abonn\u00e9s - Calumet Media\",\"isPartOf\":{\"@id\":\"https:\\\/\\\/calumetmedia.ca\\\/fr\\\/#website\"},\"primaryImageOfPage\":{\"@id\":\"https:\\\/\\\/calumetmedia.ca\\\/fr\\\/the-equity-to-increase-size-subscription-rates-for-new-subscribers\\\/#primaryimage\"},\"image\":{\"@id\":\"https:\\\/\\\/calumetmedia.ca\\\/fr\\\/the-equity-to-increase-size-subscription-rates-for-new-subscribers\\\/#primaryimage\"},\"thumbnailUrl\":\"https:\\\/\\\/calumetmedia.ca\\\/wp-content\\\/uploads\\\/2025\\\/07\\\/the_equity_story.webp\",\"datePublished\":\"2025-09-02T18:56:03+00:00\",\"dateModified\":\"2025-09-02T19:02:01+00:00\",\"breadcrumb\":{\"@id\":\"https:\\\/\\\/calumetmedia.ca\\\/fr\\\/the-equity-to-increase-size-subscription-rates-for-new-subscribers\\\/#breadcrumb\"},\"inLanguage\":\"fr-FR\",\"potentialAction\":[{\"@type\":\"ReadAction\",\"target\":[\"https:\\\/\\\/calumetmedia.ca\\\/fr\\\/the-equity-to-increase-size-subscription-rates-for-new-subscribers\\\/\"]}]},{\"@type\":\"ImageObject\",\"inLanguage\":\"fr-FR\",\"@id\":\"https:\\\/\\\/calumetmedia.ca\\\/fr\\\/the-equity-to-increase-size-subscription-rates-for-new-subscribers\\\/#primaryimage\",\"url\":\"https:\\\/\\\/calumetmedia.ca\\\/wp-content\\\/uploads\\\/2025\\\/07\\\/the_equity_story.webp\",\"contentUrl\":\"https:\\\/\\\/calumetmedia.ca\\\/wp-content\\\/uploads\\\/2025\\\/07\\\/the_equity_story.webp\",\"width\":2000,\"height\":1333,\"caption\":\"The Equity\"},{\"@type\":\"BreadcrumbList\",\"@id\":\"https:\\\/\\\/calumetmedia.ca\\\/fr\\\/the-equity-to-increase-size-subscription-rates-for-new-subscribers\\\/#breadcrumb\",\"itemListElement\":[{\"@type\":\"ListItem\",\"position\":1,\"name\":\"Home\",\"item\":\"https:\\\/\\\/calumetmedia.ca\\\/fr\\\/\"},{\"@type\":\"ListItem\",\"position\":2,\"name\":\"The Equity augmente son format et ses tarifs d\u2019abonnement pour les nouveaux abonn\u00e9s\"}]},{\"@type\":\"WebSite\",\"@id\":\"https:\\\/\\\/calumetmedia.ca\\\/fr\\\/#website\",\"url\":\"https:\\\/\\\/calumetmedia.ca\\\/fr\\\/\",\"name\":\"Calumet Media and Consulting\",\"description\":\"Solutions de marketing compl\u00e8tes pour les entreprises locales\",\"publisher\":{\"@id\":\"https:\\\/\\\/calumetmedia.ca\\\/fr\\\/#organization\"},\"alternateName\":\"Calumet Media\",\"potentialAction\":[{\"@type\":\"SearchAction\",\"target\":{\"@type\":\"EntryPoint\",\"urlTemplate\":\"https:\\\/\\\/calumetmedia.ca\\\/fr\\\/?s={search_term_string}\"},\"query-input\":{\"@type\":\"PropertyValueSpecification\",\"valueRequired\":true,\"valueName\":\"search_term_string\"}}],\"inLanguage\":\"fr-FR\"},{\"@type\":\"Organization\",\"@id\":\"https:\\\/\\\/calumetmedia.ca\\\/fr\\\/#organization\",\"name\":\"Calumet Media and Consulting\",\"alternateName\":\"Calumet Media\",\"url\":\"https:\\\/\\\/calumetmedia.ca\\\/fr\\\/\",\"logo\":{\"@type\":\"ImageObject\",\"inLanguage\":\"fr-FR\",\"@id\":\"https:\\\/\\\/calumetmedia.ca\\\/fr\\\/#\\\/schema\\\/logo\\\/image\\\/\",\"url\":\"https:\\\/\\\/qbse39.p3cdn1.secureserver.net\\\/wp-content\\\/uploads\\\/2023\\\/01\\\/chat-icon-calumet-long.png?time=1677097172\",\"contentUrl\":\"https:\\\/\\\/qbse39.p3cdn1.secureserver.net\\\/wp-content\\\/uploads\\\/2023\\\/01\\\/chat-icon-calumet-long.png?time=1677097172\",\"width\":648,\"height\":468,\"caption\":\"Calumet Media and Consulting\"},\"image\":{\"@id\":\"https:\\\/\\\/calumetmedia.ca\\\/fr\\\/#\\\/schema\\\/logo\\\/image\\\/\"},\"sameAs\":[\"https:\\\/\\\/www.facebook.com\\\/calumetmedia\",\"https:\\\/\\\/x.com\\\/calumetmedia\",\"https:\\\/\\\/www.linkedin.com\\\/company\\\/calumet-media-consulting\\\/\",\"http:\\\/\\\/www.instagram.com\\\/jonstewartshow\"]},{\"@type\":\"Person\",\"@id\":\"https:\\\/\\\/calumetmedia.ca\\\/fr\\\/#\\\/schema\\\/person\\\/6f577b023197a5a66d3d6e97f9112ffb\",\"name\":\"Jon Stewart\",\"image\":{\"@type\":\"ImageObject\",\"inLanguage\":\"fr-FR\",\"@id\":\"https:\\\/\\\/secure.gravatar.com\\\/avatar\\\/8083a3249676f6bd39b949bb7a88aaa7f607e4059ace93425db991e4711a1f0a?s=96&d=blank&r=g\",\"url\":\"https:\\\/\\\/secure.gravatar.com\\\/avatar\\\/8083a3249676f6bd39b949bb7a88aaa7f607e4059ace93425db991e4711a1f0a?s=96&d=blank&r=g\",\"contentUrl\":\"https:\\\/\\\/secure.gravatar.com\\\/avatar\\\/8083a3249676f6bd39b949bb7a88aaa7f607e4059ace93425db991e4711a1f0a?s=96&d=blank&r=g\",\"caption\":\"Jon Stewart\"},\"description\":\"Located in the Pontiac region of Quebec, Jon is a sales and marketing executive with more than twenty years of experience in the radio and media industries. Passionate about helping businesses get their footing in the constantly evolving digital landscape, he can be reached at jon@calumetmedia.ca.\",\"sameAs\":[\"https:\\\/\\\/calumetmedia.ca\",\"http:\\\/\\\/www.instagram.com\\\/jonstewartshow\",\"http:\\\/\\\/www.linkedin.com\\\/in\\\/jonstewartshow\",\"https:\\\/\\\/x.com\\\/JonStewartShow\"],\"url\":\"https:\\\/\\\/calumetmedia.ca\\\/fr\\\/author\\\/dailyshow\\\/\"}]}<\/script>\n<!-- \/ Yoast SEO plugin. -->","yoast_head_json":{"title":"The Equity augmente son format et ses tarifs d\u2019abonnement pour les nouveaux abonn\u00e9s - Calumet Media","robots":{"index":"index","follow":"follow","max-snippet":"max-snippet:-1","max-image-preview":"max-image-preview:large","max-video-preview":"max-video-preview:-1"},"canonical":"https:\/\/calumetmedia.ca\/fr\/the-equity-to-increase-size-subscription-rates-for-new-subscribers\/","og_locale":"fr_FR","og_type":"article","og_title":"The Equity augmente son format et ses tarifs d\u2019abonnement pour les nouveaux abonn\u00e9s - Calumet Media","og_description":"Cet article a d\u2019abord \u00e9t\u00e9 publi\u00e9 dans The Equity le mercredi 3 septembre 2025. Ce n\u2019est un secret pour personne : l\u2019industrie de l\u2019information locale traverse des temps difficiles. Alors que des journaux partout au pays r\u00e9duisent leurs activit\u00e9s, sous-traitent ou ferment carr\u00e9ment leurs portes, nous avons trouv\u00e9 des fa\u00e7ons d\u2019investir dans notre produit et [&hellip;]","og_url":"https:\/\/calumetmedia.ca\/fr\/the-equity-to-increase-size-subscription-rates-for-new-subscribers\/","og_site_name":"Calumet Media","article_publisher":"https:\/\/www.facebook.com\/calumetmedia","article_author":"http:\/\/www.instagram.com\/jonstewartshow","article_published_time":"2025-09-02T18:56:03+00:00","article_modified_time":"2025-09-02T19:02:01+00:00","og_image":[{"width":2000,"height":1333,"url":"https:\/\/calumetmedia.ca\/wp-content\/uploads\/2025\/07\/the_equity_story.webp","type":"image\/webp"}],"author":"Jon Stewart","twitter_card":"summary_large_image","twitter_creator":"@JonStewartShow","twitter_site":"@calumetmedia","twitter_misc":{"\u00c9crit par":"Jon Stewart","Dur\u00e9e de lecture estim\u00e9e":"2 minutes"},"schema":{"@context":"https:\/\/schema.org","@graph":[{"@type":"Article","@id":"https:\/\/calumetmedia.ca\/fr\/the-equity-to-increase-size-subscription-rates-for-new-subscribers\/#article","isPartOf":{"@id":"https:\/\/calumetmedia.ca\/fr\/the-equity-to-increase-size-subscription-rates-for-new-subscribers\/"},"author":{"name":"Jon Stewart","@id":"https:\/\/calumetmedia.ca\/fr\/#\/schema\/person\/6f577b023197a5a66d3d6e97f9112ffb"},"headline":"The Equity augmente son format et ses tarifs d\u2019abonnement pour les nouveaux abonn\u00e9s","datePublished":"2025-09-02T18:56:03+00:00","dateModified":"2025-09-02T19:02:01+00:00","mainEntityOfPage":{"@id":"https:\/\/calumetmedia.ca\/fr\/the-equity-to-increase-size-subscription-rates-for-new-subscribers\/"},"wordCount":434,"publisher":{"@id":"https:\/\/calumetmedia.ca\/fr\/#organization"},"image":{"@id":"https:\/\/calumetmedia.ca\/fr\/the-equity-to-increase-size-subscription-rates-for-new-subscribers\/#primaryimage"},"thumbnailUrl":"https:\/\/calumetmedia.ca\/wp-content\/uploads\/2025\/07\/the_equity_story.webp","inLanguage":"fr-FR"},{"@type":"WebPage","@id":"https:\/\/calumetmedia.ca\/fr\/the-equity-to-increase-size-subscription-rates-for-new-subscribers\/","url":"https:\/\/calumetmedia.ca\/fr\/the-equity-to-increase-size-subscription-rates-for-new-subscribers\/","name":"The Equity augmente son format et ses tarifs d\u2019abonnement pour les nouveaux abonn\u00e9s - Calumet Media","isPartOf":{"@id":"https:\/\/calumetmedia.ca\/fr\/#website"},"primaryImageOfPage":{"@id":"https:\/\/calumetmedia.ca\/fr\/the-equity-to-increase-size-subscription-rates-for-new-subscribers\/#primaryimage"},"image":{"@id":"https:\/\/calumetmedia.ca\/fr\/the-equity-to-increase-size-subscription-rates-for-new-subscribers\/#primaryimage"},"thumbnailUrl":"https:\/\/calumetmedia.ca\/wp-content\/uploads\/2025\/07\/the_equity_story.webp","datePublished":"2025-09-02T18:56:03+00:00","dateModified":"2025-09-02T19:02:01+00:00","breadcrumb":{"@id":"https:\/\/calumetmedia.ca\/fr\/the-equity-to-increase-size-subscription-rates-for-new-subscribers\/#breadcrumb"},"inLanguage":"fr-FR","potentialAction":[{"@type":"ReadAction","target":["https:\/\/calumetmedia.ca\/fr\/the-equity-to-increase-size-subscription-rates-for-new-subscribers\/"]}]},{"@type":"ImageObject","inLanguage":"fr-FR","@id":"https:\/\/calumetmedia.ca\/fr\/the-equity-to-increase-size-subscription-rates-for-new-subscribers\/#primaryimage","url":"https:\/\/calumetmedia.ca\/wp-content\/uploads\/2025\/07\/the_equity_story.webp","contentUrl":"https:\/\/calumetmedia.ca\/wp-content\/uploads\/2025\/07\/the_equity_story.webp","width":2000,"height":1333,"caption":"The Equity"},{"@type":"BreadcrumbList","@id":"https:\/\/calumetmedia.ca\/fr\/the-equity-to-increase-size-subscription-rates-for-new-subscribers\/#breadcrumb","itemListElement":[{"@type":"ListItem","position":1,"name":"Home","item":"https:\/\/calumetmedia.ca\/fr\/"},{"@type":"ListItem","position":2,"name":"The Equity augmente son format et ses tarifs d\u2019abonnement pour les nouveaux abonn\u00e9s"}]},{"@type":"WebSite","@id":"https:\/\/calumetmedia.ca\/fr\/#website","url":"https:\/\/calumetmedia.ca\/fr\/","name":"Calumet Media and Consulting","description":"Solutions de marketing compl\u00e8tes pour les entreprises locales","publisher":{"@id":"https:\/\/calumetmedia.ca\/fr\/#organization"},"alternateName":"Calumet Media","potentialAction":[{"@type":"SearchAction","target":{"@type":"EntryPoint","urlTemplate":"https:\/\/calumetmedia.ca\/fr\/?s={search_term_string}"},"query-input":{"@type":"PropertyValueSpecification","valueRequired":true,"valueName":"search_term_string"}}],"inLanguage":"fr-FR"},{"@type":"Organization","@id":"https:\/\/calumetmedia.ca\/fr\/#organization","name":"Calumet Media and Consulting","alternateName":"Calumet Media","url":"https:\/\/calumetmedia.ca\/fr\/","logo":{"@type":"ImageObject","inLanguage":"fr-FR","@id":"https:\/\/calumetmedia.ca\/fr\/#\/schema\/logo\/image\/","url":"https:\/\/qbse39.p3cdn1.secureserver.net\/wp-content\/uploads\/2023\/01\/chat-icon-calumet-long.png?time=1677097172","contentUrl":"https:\/\/qbse39.p3cdn1.secureserver.net\/wp-content\/uploads\/2023\/01\/chat-icon-calumet-long.png?time=1677097172","width":648,"height":468,"caption":"Calumet Media and Consulting"},"image":{"@id":"https:\/\/calumetmedia.ca\/fr\/#\/schema\/logo\/image\/"},"sameAs":["https:\/\/www.facebook.com\/calumetmedia","https:\/\/x.com\/calumetmedia","https:\/\/www.linkedin.com\/company\/calumet-media-consulting\/","http:\/\/www.instagram.com\/jonstewartshow"]},{"@type":"Person","@id":"https:\/\/calumetmedia.ca\/fr\/#\/schema\/person\/6f577b023197a5a66d3d6e97f9112ffb","name":"Jon Stewart","image":{"@type":"ImageObject","inLanguage":"fr-FR","@id":"https:\/\/secure.gravatar.com\/avatar\/8083a3249676f6bd39b949bb7a88aaa7f607e4059ace93425db991e4711a1f0a?s=96&d=blank&r=g","url":"https:\/\/secure.gravatar.com\/avatar\/8083a3249676f6bd39b949bb7a88aaa7f607e4059ace93425db991e4711a1f0a?s=96&d=blank&r=g","contentUrl":"https:\/\/secure.gravatar.com\/avatar\/8083a3249676f6bd39b949bb7a88aaa7f607e4059ace93425db991e4711a1f0a?s=96&d=blank&r=g","caption":"Jon Stewart"},"description":"Located in the Pontiac region of Quebec, Jon is a sales and marketing executive with more than twenty years of experience in the radio and media industries. Passionate about helping businesses get their footing in the constantly evolving digital landscape, he can be reached at jon@calumetmedia.ca.","sameAs":["https:\/\/calumetmedia.ca","http:\/\/www.instagram.com\/jonstewartshow","http:\/\/www.linkedin.com\/in\/jonstewartshow","https:\/\/x.com\/JonStewartShow"],"url":"https:\/\/calumetmedia.ca\/fr\/author\/dailyshow\/"}]}},"_links":{"self":[{"href":"https:\/\/calumetmedia.ca\/fr\/wp-json\/wp\/v2\/posts\/5451","targetHints":{"allow":["GET"]}}],"collection":[{"href":"https:\/\/calumetmedia.ca\/fr\/wp-json\/wp\/v2\/posts"}],"about":[{"href":"https:\/\/calumetmedia.ca\/fr\/wp-json\/wp\/v2\/types\/post"}],"author":[{"embeddable":true,"href":"https:\/\/calumetmedia.ca\/fr\/wp-json\/wp\/v2\/users\/1"}],"replies":[{"embeddable":true,"href":"https:\/\/calumetmedia.ca\/fr\/wp-json\/wp\/v2\/comments?post=5451"}],"version-history":[{"count":2,"href":"https:\/\/calumetmedia.ca\/fr\/wp-json\/wp\/v2\/posts\/5451\/revisions"}],"predecessor-version":[{"id":5456,"href":"https:\/\/calumetmedia.ca\/fr\/wp-json\/wp\/v2\/posts\/5451\/revisions\/5456"}],"wp:featuredmedia":[{"embeddable":true,"href":"https:\/\/calumetmedia.ca\/fr\/wp-json\/wp\/v2\/media\/5392"}],"wp:attachment":[{"href":"https:\/\/calumetmedia.ca\/fr\/wp-json\/wp\/v2\/media?parent=5451"}],"wp:term":[{"taxonomy":"category","embeddable":true,"href":"https:\/\/calumetmedia.ca\/fr\/wp-json\/wp\/v2\/categories?post=5451"},{"taxonomy":"post_tag","embeddable":true,"href":"https:\/\/calumetmedia.ca\/fr\/wp-json\/wp\/v2\/tags?post=5451"}],"curies":[{"name":"wp","href":"https:\/\/api.w.org\/{rel}","templated":true}]}}