{"id":5715,"date":"2025-11-05T13:00:00","date_gmt":"2025-11-05T18:00:00","guid":{"rendered":"https:\/\/calumetmedia.ca\/the-equity-more-pages-more-local-voices-and-more-to-read-every-week\/"},"modified":"2025-11-11T08:41:26","modified_gmt":"2025-11-11T13:41:26","slug":"the-equity-more-pages-more-local-voices-and-more-to-read-every-week","status":"publish","type":"post","link":"https:\/\/calumetmedia.ca\/fr\/the-equity-more-pages-more-local-voices-and-more-to-read-every-week\/","title":{"rendered":"The Equity: plus de pages, plus de voix locales et plus de lecture chaque semaine"},"content":{"rendered":"\n<p>Depuis le 5 novembre, <em>The Equity<\/em> est pass\u00e9 de huit \u00e0 douze pages. Il s\u2019agit d\u2019une \u00e9tape importante pour le journal, qui continue d\u2019investir dans le journalisme local et dans le lien communautaire. Cet espace suppl\u00e9mentaire nous permet d\u2019offrir davantage d\u2019histoires, de photos et de contenu qui comptent pour nos lecteurs. C\u2019est le reflet de l\u2019engagement croissant de la communaut\u00e9 au cours de la derni\u00e8re ann\u00e9e et de notre volont\u00e9 de faire de <em>The Equity<\/em> un v\u00e9ritable miroir de la vie dans le Pontiac.<\/p>\n\n\n\n<p>Parmi les nouveaut\u00e9s, on retrouve une grille de mots crois\u00e9s hebdomadaire, ajoutant un peu de plaisir et de d\u00e9fi \u00e0 chaque num\u00e9ro. Une fois par mois, cette grille sera inspir\u00e9e de la r\u00e9gion, avec des indices tir\u00e9s directement des pages de <em>The Equity<\/em>. C\u2019est une fa\u00e7on simple mais significative de c\u00e9l\u00e9brer nos gens, nos lieux et nos histoires, tout en mettant \u00e0 l\u2019honneur ceux et celles qui connaissent bien le Pontiac et son patrimoine.<\/p>\n\n\n\n<p>Notre section \u00ab The Way We Were \u00bb a \u00e9galement \u00e9t\u00e9 \u00e9largie pour inclure davantage de photos tir\u00e9es de la vaste collection d\u2019archives de <em>The Equity<\/em>. Chaque semaine, les lecteurs y d\u00e9couvriront un plus grand nombre d\u2019images illustrant l\u2019esprit du pass\u00e9 \u2014 des visages familiers, des b\u00e2timents et des moments qui continuent de d\u00e9finir nos communaut\u00e9s. Cet ajout renforce l\u2019une des rubriques les plus appr\u00e9ci\u00e9es du journal et souligne notre engagement \u00e0 pr\u00e9server et \u00e0 partager l\u2019histoire locale.<\/p>\n\n\n\n<p>Nous lan\u00e7ons aussi un nouveau calendrier communautaire, qui pr\u00e9sente gratuitement les \u00e9v\u00e9nements \u00e0 venir dans tout le Pontiac. Les citoyens, organismes et entreprises peuvent y soumettre leurs activit\u00e9s directement sur notre site web. Qu\u2019il s\u2019agisse d\u2019une collecte de fonds, d\u2019un concert ou d\u2019une rencontre municipale, cette nouvelle rubrique permettra \u00e0 chacun de rester inform\u00e9 et connect\u00e9 \u00e0 la vie locale.<\/p>\n\n\n\n<p>Autre nouveaut\u00e9 : la page \u00e9ditoriale accueille maintenant des photos soumises par les lecteurs. Ces images mettent en valeur la vie quotidienne \u00e0 travers le regard des gens d\u2019ici \u2014 les saisons qui changent, les rassemblements communautaires, les paysages qui font la beaut\u00e9 du Pontiac. C\u2019est une fa\u00e7on suppl\u00e9mentaire d\u2019ouvrir nos pages \u00e0 la participation du public et d\u2019enrichir le journal par la voix de ses lecteurs.<\/p>\n\n\n\n<p>Le journaliste Caleb Nickerson signe aussi une nouvelle chronique intitul\u00e9e <em>Your Province This Week<\/em>, qui pr\u00e9sente les grandes nouvelles provenant de Qu\u00e9bec. L\u2019objectif est de rapprocher l\u2019actualit\u00e9 provinciale des r\u00e9alit\u00e9s locales, en expliquant comment les d\u00e9cisions prises \u00e0 l\u2019Assembl\u00e9e nationale ont un impact concret sur notre r\u00e9gion. Par ses analyses et sa rigueur, Caleb contribue \u00e0 mieux informer nos lecteurs sur les enjeux qui touchent leur quotidien.<\/p>\n\n\n\n<p>Enfin, nous avons lanc\u00e9 une nouvelle section intitul\u00e9e <em>Bulletin Board<\/em>, con\u00e7ue comme une fa\u00e7on abordable pour les petites entreprises d\u2019annoncer dans <em>The Equity<\/em>. Les organismes \u00e0 but non lucratif peuvent y publier leurs messages gratuitement, leur offrant ainsi une meilleure visibilit\u00e9. Cette initiative permet de garder l\u2019activit\u00e9 \u00e9conomique et communautaire bien pr\u00e9sente dans les pages du journal.<\/p>\n\n\n\n<p>Tous ces changements refl\u00e8tent un engagement clair : celui de grandir, d\u2019am\u00e9liorer la qualit\u00e9 du contenu et de rester \u00e0 l\u2019\u00e9coute de nos lecteurs. \u00c0 mesure que <em>The Equity<\/em> \u00e9volue, nous cherchons \u00e0 renforcer le lien entre le journal et la population qu\u2019il dessert. Nous invitons nos lecteurs \u00e0 s\u2019abonner, \u00e0 soumettre leurs \u00e9v\u00e9nements ou \u00e0 se renseigner sur les possibilit\u00e9s de publicit\u00e9. Votre soutien assure \u00e0 <em>The Equity<\/em> de demeurer une voix forte, ind\u00e9pendante et ancr\u00e9e dans le Pontiac \u2014 un journal qui informe, rassemble et met en valeur notre communaut\u00e9, semaine apr\u00e8s semaine.<\/p>\n\n\n\n<p><a href=\"https:\/\/www.facebook.com\/share\/v\/1FH9mQ5K6b\/\"><strong>Cliquez pour regarder la r\u00e9dactrice en chef de <em>The Equity<\/em>, Sophie Kuijper Dickson, vous pr\u00e9senter toutes les nouveaut\u00e9s.<\/strong><\/a><\/p>\n\n\n\n<p><\/p>\n","protected":false},"excerpt":{"rendered":"<p>Depuis le 5 novembre, The Equity est pass\u00e9 de huit \u00e0 douze pages. Il s\u2019agit d\u2019une \u00e9tape importante pour le journal, qui continue d\u2019investir dans le journalisme local et dans le lien communautaire. Cet espace suppl\u00e9mentaire nous permet d\u2019offrir davantage d\u2019histoires, de photos et de contenu qui comptent pour nos lecteurs. C\u2019est le reflet de [&hellip;]<\/p>\n","protected":false},"author":1,"featured_media":5711,"comment_status":"closed","ping_status":"closed","sticky":false,"template":"","format":"standard","meta":{"footnotes":""},"categories":[],"tags":[],"class_list":["post-5715","post","type-post","status-publish","format-standard","has-post-thumbnail","hentry"],"yoast_head":"<!-- This site is optimized with the Yoast SEO plugin v27.5 - https:\/\/yoast.com\/product\/yoast-seo-wordpress\/ -->\n<title>The Equity: plus de pages, plus de voix locales et plus de lecture chaque semaine - Calumet Media<\/title>\n<meta name=\"robots\" content=\"index, follow, max-snippet:-1, max-image-preview:large, max-video-preview:-1\" \/>\n<link rel=\"canonical\" href=\"https:\/\/calumetmedia.ca\/fr\/the-equity-more-pages-more-local-voices-and-more-to-read-every-week\/\" \/>\n<meta property=\"og:locale\" content=\"fr_FR\" \/>\n<meta property=\"og:type\" content=\"article\" \/>\n<meta property=\"og:title\" content=\"The Equity: plus de pages, plus de voix locales et plus de lecture chaque semaine - Calumet Media\" \/>\n<meta property=\"og:description\" content=\"Depuis le 5 novembre, The Equity est pass\u00e9 de huit \u00e0 douze pages. Il s\u2019agit d\u2019une \u00e9tape importante pour le journal, qui continue d\u2019investir dans le journalisme local et dans le lien communautaire. Cet espace suppl\u00e9mentaire nous permet d\u2019offrir davantage d\u2019histoires, de photos et de contenu qui comptent pour nos lecteurs. C\u2019est le reflet de [&hellip;]\" \/>\n<meta property=\"og:url\" content=\"https:\/\/calumetmedia.ca\/fr\/the-equity-more-pages-more-local-voices-and-more-to-read-every-week\/\" \/>\n<meta property=\"og:site_name\" content=\"Calumet Media\" \/>\n<meta property=\"article:publisher\" content=\"https:\/\/www.facebook.com\/calumetmedia\" \/>\n<meta property=\"article:author\" content=\"http:\/\/www.instagram.com\/jonstewartshow\" \/>\n<meta property=\"article:published_time\" content=\"2025-11-05T18:00:00+00:00\" \/>\n<meta property=\"article:modified_time\" content=\"2025-11-11T13:41:26+00:00\" \/>\n<meta property=\"og:image\" content=\"https:\/\/calumetmedia.ca\/wp-content\/uploads\/2025\/11\/nov5-the-equity-puzzle.webp\" \/>\n\t<meta property=\"og:image:width\" content=\"2000\" \/>\n\t<meta property=\"og:image:height\" content=\"1333\" \/>\n\t<meta property=\"og:image:type\" content=\"image\/webp\" \/>\n<meta name=\"author\" content=\"Jon Stewart\" \/>\n<meta name=\"twitter:card\" content=\"summary_large_image\" \/>\n<meta name=\"twitter:creator\" content=\"@JonStewartShow\" \/>\n<meta name=\"twitter:site\" content=\"@calumetmedia\" \/>\n<meta name=\"twitter:label1\" content=\"\u00c9crit par\" \/>\n\t<meta name=\"twitter:data1\" content=\"Jon Stewart\" \/>\n\t<meta name=\"twitter:label2\" content=\"Dur\u00e9e de lecture estim\u00e9e\" \/>\n\t<meta name=\"twitter:data2\" content=\"3 minutes\" \/>\n<script type=\"application\/ld+json\" class=\"yoast-schema-graph\">{\"@context\":\"https:\\\/\\\/schema.org\",\"@graph\":[{\"@type\":\"Article\",\"@id\":\"https:\\\/\\\/calumetmedia.ca\\\/fr\\\/the-equity-more-pages-more-local-voices-and-more-to-read-every-week\\\/#article\",\"isPartOf\":{\"@id\":\"https:\\\/\\\/calumetmedia.ca\\\/fr\\\/the-equity-more-pages-more-local-voices-and-more-to-read-every-week\\\/\"},\"author\":{\"name\":\"Jon Stewart\",\"@id\":\"https:\\\/\\\/calumetmedia.ca\\\/fr\\\/#\\\/schema\\\/person\\\/6f577b023197a5a66d3d6e97f9112ffb\"},\"headline\":\"The Equity: plus de pages, plus de voix locales et plus de lecture chaque semaine\",\"datePublished\":\"2025-11-05T18:00:00+00:00\",\"dateModified\":\"2025-11-11T13:41:26+00:00\",\"mainEntityOfPage\":{\"@id\":\"https:\\\/\\\/calumetmedia.ca\\\/fr\\\/the-equity-more-pages-more-local-voices-and-more-to-read-every-week\\\/\"},\"wordCount\":669,\"publisher\":{\"@id\":\"https:\\\/\\\/calumetmedia.ca\\\/fr\\\/#organization\"},\"image\":{\"@id\":\"https:\\\/\\\/calumetmedia.ca\\\/fr\\\/the-equity-more-pages-more-local-voices-and-more-to-read-every-week\\\/#primaryimage\"},\"thumbnailUrl\":\"https:\\\/\\\/calumetmedia.ca\\\/wp-content\\\/uploads\\\/2025\\\/11\\\/nov5-the-equity-puzzle.webp\",\"inLanguage\":\"fr-FR\"},{\"@type\":\"WebPage\",\"@id\":\"https:\\\/\\\/calumetmedia.ca\\\/fr\\\/the-equity-more-pages-more-local-voices-and-more-to-read-every-week\\\/\",\"url\":\"https:\\\/\\\/calumetmedia.ca\\\/fr\\\/the-equity-more-pages-more-local-voices-and-more-to-read-every-week\\\/\",\"name\":\"The Equity: plus de pages, plus de voix locales et plus de lecture chaque semaine - Calumet Media\",\"isPartOf\":{\"@id\":\"https:\\\/\\\/calumetmedia.ca\\\/fr\\\/#website\"},\"primaryImageOfPage\":{\"@id\":\"https:\\\/\\\/calumetmedia.ca\\\/fr\\\/the-equity-more-pages-more-local-voices-and-more-to-read-every-week\\\/#primaryimage\"},\"image\":{\"@id\":\"https:\\\/\\\/calumetmedia.ca\\\/fr\\\/the-equity-more-pages-more-local-voices-and-more-to-read-every-week\\\/#primaryimage\"},\"thumbnailUrl\":\"https:\\\/\\\/calumetmedia.ca\\\/wp-content\\\/uploads\\\/2025\\\/11\\\/nov5-the-equity-puzzle.webp\",\"datePublished\":\"2025-11-05T18:00:00+00:00\",\"dateModified\":\"2025-11-11T13:41:26+00:00\",\"breadcrumb\":{\"@id\":\"https:\\\/\\\/calumetmedia.ca\\\/fr\\\/the-equity-more-pages-more-local-voices-and-more-to-read-every-week\\\/#breadcrumb\"},\"inLanguage\":\"fr-FR\",\"potentialAction\":[{\"@type\":\"ReadAction\",\"target\":[\"https:\\\/\\\/calumetmedia.ca\\\/fr\\\/the-equity-more-pages-more-local-voices-and-more-to-read-every-week\\\/\"]}]},{\"@type\":\"ImageObject\",\"inLanguage\":\"fr-FR\",\"@id\":\"https:\\\/\\\/calumetmedia.ca\\\/fr\\\/the-equity-more-pages-more-local-voices-and-more-to-read-every-week\\\/#primaryimage\",\"url\":\"https:\\\/\\\/calumetmedia.ca\\\/wp-content\\\/uploads\\\/2025\\\/11\\\/nov5-the-equity-puzzle.webp\",\"contentUrl\":\"https:\\\/\\\/calumetmedia.ca\\\/wp-content\\\/uploads\\\/2025\\\/11\\\/nov5-the-equity-puzzle.webp\",\"width\":2000,\"height\":1333,\"caption\":\"The Equity Puzzle\"},{\"@type\":\"BreadcrumbList\",\"@id\":\"https:\\\/\\\/calumetmedia.ca\\\/fr\\\/the-equity-more-pages-more-local-voices-and-more-to-read-every-week\\\/#breadcrumb\",\"itemListElement\":[{\"@type\":\"ListItem\",\"position\":1,\"name\":\"Home\",\"item\":\"https:\\\/\\\/calumetmedia.ca\\\/fr\\\/\"},{\"@type\":\"ListItem\",\"position\":2,\"name\":\"The Equity: plus de pages, plus de voix locales et plus de lecture chaque semaine\"}]},{\"@type\":\"WebSite\",\"@id\":\"https:\\\/\\\/calumetmedia.ca\\\/fr\\\/#website\",\"url\":\"https:\\\/\\\/calumetmedia.ca\\\/fr\\\/\",\"name\":\"Calumet Media and Consulting\",\"description\":\"Solutions de marketing compl\u00e8tes pour les entreprises locales\",\"publisher\":{\"@id\":\"https:\\\/\\\/calumetmedia.ca\\\/fr\\\/#organization\"},\"alternateName\":\"Calumet Media\",\"potentialAction\":[{\"@type\":\"SearchAction\",\"target\":{\"@type\":\"EntryPoint\",\"urlTemplate\":\"https:\\\/\\\/calumetmedia.ca\\\/fr\\\/?s={search_term_string}\"},\"query-input\":{\"@type\":\"PropertyValueSpecification\",\"valueRequired\":true,\"valueName\":\"search_term_string\"}}],\"inLanguage\":\"fr-FR\"},{\"@type\":\"Organization\",\"@id\":\"https:\\\/\\\/calumetmedia.ca\\\/fr\\\/#organization\",\"name\":\"Calumet Media and Consulting\",\"alternateName\":\"Calumet Media\",\"url\":\"https:\\\/\\\/calumetmedia.ca\\\/fr\\\/\",\"logo\":{\"@type\":\"ImageObject\",\"inLanguage\":\"fr-FR\",\"@id\":\"https:\\\/\\\/calumetmedia.ca\\\/fr\\\/#\\\/schema\\\/logo\\\/image\\\/\",\"url\":\"https:\\\/\\\/qbse39.p3cdn1.secureserver.net\\\/wp-content\\\/uploads\\\/2023\\\/01\\\/chat-icon-calumet-long.png?time=1677097172\",\"contentUrl\":\"https:\\\/\\\/qbse39.p3cdn1.secureserver.net\\\/wp-content\\\/uploads\\\/2023\\\/01\\\/chat-icon-calumet-long.png?time=1677097172\",\"width\":648,\"height\":468,\"caption\":\"Calumet Media and Consulting\"},\"image\":{\"@id\":\"https:\\\/\\\/calumetmedia.ca\\\/fr\\\/#\\\/schema\\\/logo\\\/image\\\/\"},\"sameAs\":[\"https:\\\/\\\/www.facebook.com\\\/calumetmedia\",\"https:\\\/\\\/x.com\\\/calumetmedia\",\"https:\\\/\\\/www.linkedin.com\\\/company\\\/calumet-media-consulting\\\/\",\"http:\\\/\\\/www.instagram.com\\\/jonstewartshow\"]},{\"@type\":\"Person\",\"@id\":\"https:\\\/\\\/calumetmedia.ca\\\/fr\\\/#\\\/schema\\\/person\\\/6f577b023197a5a66d3d6e97f9112ffb\",\"name\":\"Jon Stewart\",\"image\":{\"@type\":\"ImageObject\",\"inLanguage\":\"fr-FR\",\"@id\":\"https:\\\/\\\/secure.gravatar.com\\\/avatar\\\/8083a3249676f6bd39b949bb7a88aaa7f607e4059ace93425db991e4711a1f0a?s=96&d=blank&r=g\",\"url\":\"https:\\\/\\\/secure.gravatar.com\\\/avatar\\\/8083a3249676f6bd39b949bb7a88aaa7f607e4059ace93425db991e4711a1f0a?s=96&d=blank&r=g\",\"contentUrl\":\"https:\\\/\\\/secure.gravatar.com\\\/avatar\\\/8083a3249676f6bd39b949bb7a88aaa7f607e4059ace93425db991e4711a1f0a?s=96&d=blank&r=g\",\"caption\":\"Jon Stewart\"},\"description\":\"Located in the Pontiac region of Quebec, Jon is a sales and marketing executive with more than twenty years of experience in the radio and media industries. Passionate about helping businesses get their footing in the constantly evolving digital landscape, he can be reached at jon@calumetmedia.ca.\",\"sameAs\":[\"https:\\\/\\\/calumetmedia.ca\",\"http:\\\/\\\/www.instagram.com\\\/jonstewartshow\",\"http:\\\/\\\/www.linkedin.com\\\/in\\\/jonstewartshow\",\"https:\\\/\\\/x.com\\\/JonStewartShow\"],\"url\":\"https:\\\/\\\/calumetmedia.ca\\\/fr\\\/author\\\/dailyshow\\\/\"}]}<\/script>\n<!-- \/ Yoast SEO plugin. -->","yoast_head_json":{"title":"The Equity: plus de pages, plus de voix locales et plus de lecture chaque semaine - Calumet Media","robots":{"index":"index","follow":"follow","max-snippet":"max-snippet:-1","max-image-preview":"max-image-preview:large","max-video-preview":"max-video-preview:-1"},"canonical":"https:\/\/calumetmedia.ca\/fr\/the-equity-more-pages-more-local-voices-and-more-to-read-every-week\/","og_locale":"fr_FR","og_type":"article","og_title":"The Equity: plus de pages, plus de voix locales et plus de lecture chaque semaine - Calumet Media","og_description":"Depuis le 5 novembre, The Equity est pass\u00e9 de huit \u00e0 douze pages. Il s\u2019agit d\u2019une \u00e9tape importante pour le journal, qui continue d\u2019investir dans le journalisme local et dans le lien communautaire. Cet espace suppl\u00e9mentaire nous permet d\u2019offrir davantage d\u2019histoires, de photos et de contenu qui comptent pour nos lecteurs. C\u2019est le reflet de [&hellip;]","og_url":"https:\/\/calumetmedia.ca\/fr\/the-equity-more-pages-more-local-voices-and-more-to-read-every-week\/","og_site_name":"Calumet Media","article_publisher":"https:\/\/www.facebook.com\/calumetmedia","article_author":"http:\/\/www.instagram.com\/jonstewartshow","article_published_time":"2025-11-05T18:00:00+00:00","article_modified_time":"2025-11-11T13:41:26+00:00","og_image":[{"width":2000,"height":1333,"url":"https:\/\/calumetmedia.ca\/wp-content\/uploads\/2025\/11\/nov5-the-equity-puzzle.webp","type":"image\/webp"}],"author":"Jon Stewart","twitter_card":"summary_large_image","twitter_creator":"@JonStewartShow","twitter_site":"@calumetmedia","twitter_misc":{"\u00c9crit par":"Jon Stewart","Dur\u00e9e de lecture estim\u00e9e":"3 minutes"},"schema":{"@context":"https:\/\/schema.org","@graph":[{"@type":"Article","@id":"https:\/\/calumetmedia.ca\/fr\/the-equity-more-pages-more-local-voices-and-more-to-read-every-week\/#article","isPartOf":{"@id":"https:\/\/calumetmedia.ca\/fr\/the-equity-more-pages-more-local-voices-and-more-to-read-every-week\/"},"author":{"name":"Jon Stewart","@id":"https:\/\/calumetmedia.ca\/fr\/#\/schema\/person\/6f577b023197a5a66d3d6e97f9112ffb"},"headline":"The Equity: plus de pages, plus de voix locales et plus de lecture chaque semaine","datePublished":"2025-11-05T18:00:00+00:00","dateModified":"2025-11-11T13:41:26+00:00","mainEntityOfPage":{"@id":"https:\/\/calumetmedia.ca\/fr\/the-equity-more-pages-more-local-voices-and-more-to-read-every-week\/"},"wordCount":669,"publisher":{"@id":"https:\/\/calumetmedia.ca\/fr\/#organization"},"image":{"@id":"https:\/\/calumetmedia.ca\/fr\/the-equity-more-pages-more-local-voices-and-more-to-read-every-week\/#primaryimage"},"thumbnailUrl":"https:\/\/calumetmedia.ca\/wp-content\/uploads\/2025\/11\/nov5-the-equity-puzzle.webp","inLanguage":"fr-FR"},{"@type":"WebPage","@id":"https:\/\/calumetmedia.ca\/fr\/the-equity-more-pages-more-local-voices-and-more-to-read-every-week\/","url":"https:\/\/calumetmedia.ca\/fr\/the-equity-more-pages-more-local-voices-and-more-to-read-every-week\/","name":"The Equity: plus de pages, plus de voix locales et plus de lecture chaque semaine - Calumet Media","isPartOf":{"@id":"https:\/\/calumetmedia.ca\/fr\/#website"},"primaryImageOfPage":{"@id":"https:\/\/calumetmedia.ca\/fr\/the-equity-more-pages-more-local-voices-and-more-to-read-every-week\/#primaryimage"},"image":{"@id":"https:\/\/calumetmedia.ca\/fr\/the-equity-more-pages-more-local-voices-and-more-to-read-every-week\/#primaryimage"},"thumbnailUrl":"https:\/\/calumetmedia.ca\/wp-content\/uploads\/2025\/11\/nov5-the-equity-puzzle.webp","datePublished":"2025-11-05T18:00:00+00:00","dateModified":"2025-11-11T13:41:26+00:00","breadcrumb":{"@id":"https:\/\/calumetmedia.ca\/fr\/the-equity-more-pages-more-local-voices-and-more-to-read-every-week\/#breadcrumb"},"inLanguage":"fr-FR","potentialAction":[{"@type":"ReadAction","target":["https:\/\/calumetmedia.ca\/fr\/the-equity-more-pages-more-local-voices-and-more-to-read-every-week\/"]}]},{"@type":"ImageObject","inLanguage":"fr-FR","@id":"https:\/\/calumetmedia.ca\/fr\/the-equity-more-pages-more-local-voices-and-more-to-read-every-week\/#primaryimage","url":"https:\/\/calumetmedia.ca\/wp-content\/uploads\/2025\/11\/nov5-the-equity-puzzle.webp","contentUrl":"https:\/\/calumetmedia.ca\/wp-content\/uploads\/2025\/11\/nov5-the-equity-puzzle.webp","width":2000,"height":1333,"caption":"The Equity Puzzle"},{"@type":"BreadcrumbList","@id":"https:\/\/calumetmedia.ca\/fr\/the-equity-more-pages-more-local-voices-and-more-to-read-every-week\/#breadcrumb","itemListElement":[{"@type":"ListItem","position":1,"name":"Home","item":"https:\/\/calumetmedia.ca\/fr\/"},{"@type":"ListItem","position":2,"name":"The Equity: plus de pages, plus de voix locales et plus de lecture chaque semaine"}]},{"@type":"WebSite","@id":"https:\/\/calumetmedia.ca\/fr\/#website","url":"https:\/\/calumetmedia.ca\/fr\/","name":"Calumet Media and Consulting","description":"Solutions de marketing compl\u00e8tes pour les entreprises locales","publisher":{"@id":"https:\/\/calumetmedia.ca\/fr\/#organization"},"alternateName":"Calumet Media","potentialAction":[{"@type":"SearchAction","target":{"@type":"EntryPoint","urlTemplate":"https:\/\/calumetmedia.ca\/fr\/?s={search_term_string}"},"query-input":{"@type":"PropertyValueSpecification","valueRequired":true,"valueName":"search_term_string"}}],"inLanguage":"fr-FR"},{"@type":"Organization","@id":"https:\/\/calumetmedia.ca\/fr\/#organization","name":"Calumet Media and Consulting","alternateName":"Calumet Media","url":"https:\/\/calumetmedia.ca\/fr\/","logo":{"@type":"ImageObject","inLanguage":"fr-FR","@id":"https:\/\/calumetmedia.ca\/fr\/#\/schema\/logo\/image\/","url":"https:\/\/qbse39.p3cdn1.secureserver.net\/wp-content\/uploads\/2023\/01\/chat-icon-calumet-long.png?time=1677097172","contentUrl":"https:\/\/qbse39.p3cdn1.secureserver.net\/wp-content\/uploads\/2023\/01\/chat-icon-calumet-long.png?time=1677097172","width":648,"height":468,"caption":"Calumet Media and Consulting"},"image":{"@id":"https:\/\/calumetmedia.ca\/fr\/#\/schema\/logo\/image\/"},"sameAs":["https:\/\/www.facebook.com\/calumetmedia","https:\/\/x.com\/calumetmedia","https:\/\/www.linkedin.com\/company\/calumet-media-consulting\/","http:\/\/www.instagram.com\/jonstewartshow"]},{"@type":"Person","@id":"https:\/\/calumetmedia.ca\/fr\/#\/schema\/person\/6f577b023197a5a66d3d6e97f9112ffb","name":"Jon Stewart","image":{"@type":"ImageObject","inLanguage":"fr-FR","@id":"https:\/\/secure.gravatar.com\/avatar\/8083a3249676f6bd39b949bb7a88aaa7f607e4059ace93425db991e4711a1f0a?s=96&d=blank&r=g","url":"https:\/\/secure.gravatar.com\/avatar\/8083a3249676f6bd39b949bb7a88aaa7f607e4059ace93425db991e4711a1f0a?s=96&d=blank&r=g","contentUrl":"https:\/\/secure.gravatar.com\/avatar\/8083a3249676f6bd39b949bb7a88aaa7f607e4059ace93425db991e4711a1f0a?s=96&d=blank&r=g","caption":"Jon Stewart"},"description":"Located in the Pontiac region of Quebec, Jon is a sales and marketing executive with more than twenty years of experience in the radio and media industries. Passionate about helping businesses get their footing in the constantly evolving digital landscape, he can be reached at jon@calumetmedia.ca.","sameAs":["https:\/\/calumetmedia.ca","http:\/\/www.instagram.com\/jonstewartshow","http:\/\/www.linkedin.com\/in\/jonstewartshow","https:\/\/x.com\/JonStewartShow"],"url":"https:\/\/calumetmedia.ca\/fr\/author\/dailyshow\/"}]}},"_links":{"self":[{"href":"https:\/\/calumetmedia.ca\/fr\/wp-json\/wp\/v2\/posts\/5715","targetHints":{"allow":["GET"]}}],"collection":[{"href":"https:\/\/calumetmedia.ca\/fr\/wp-json\/wp\/v2\/posts"}],"about":[{"href":"https:\/\/calumetmedia.ca\/fr\/wp-json\/wp\/v2\/types\/post"}],"author":[{"embeddable":true,"href":"https:\/\/calumetmedia.ca\/fr\/wp-json\/wp\/v2\/users\/1"}],"replies":[{"embeddable":true,"href":"https:\/\/calumetmedia.ca\/fr\/wp-json\/wp\/v2\/comments?post=5715"}],"version-history":[{"count":1,"href":"https:\/\/calumetmedia.ca\/fr\/wp-json\/wp\/v2\/posts\/5715\/revisions"}],"predecessor-version":[{"id":5716,"href":"https:\/\/calumetmedia.ca\/fr\/wp-json\/wp\/v2\/posts\/5715\/revisions\/5716"}],"wp:featuredmedia":[{"embeddable":true,"href":"https:\/\/calumetmedia.ca\/fr\/wp-json\/wp\/v2\/media\/5711"}],"wp:attachment":[{"href":"https:\/\/calumetmedia.ca\/fr\/wp-json\/wp\/v2\/media?parent=5715"}],"wp:term":[{"taxonomy":"category","embeddable":true,"href":"https:\/\/calumetmedia.ca\/fr\/wp-json\/wp\/v2\/categories?post=5715"},{"taxonomy":"post_tag","embeddable":true,"href":"https:\/\/calumetmedia.ca\/fr\/wp-json\/wp\/v2\/tags?post=5715"}],"curies":[{"name":"wp","href":"https:\/\/api.w.org\/{rel}","templated":true}]}}