{"id":5737,"date":"2025-12-14T12:49:09","date_gmt":"2025-12-14T17:49:09","guid":{"rendered":"https:\/\/calumetmedia.ca\/the-equity-app-launches-on-ios-and-android\/"},"modified":"2025-12-14T12:55:47","modified_gmt":"2025-12-14T17:55:47","slug":"the-equity-app-launches-on-ios-and-android","status":"publish","type":"post","link":"https:\/\/calumetmedia.ca\/fr\/the-equity-app-launches-on-ios-and-android\/","title":{"rendered":"Lancement de l&rsquo;application The Equity sur iOS et Android"},"content":{"rendered":"\n<p>L\u2019an prochain, <em>The Equity<\/em> franchira une \u00e9tape importante : 143 ans de publication. En jetant un regard sur notre pass\u00e9, une constante demeure : la n\u00e9cessit\u00e9 de nous adapter aux attentes et aux besoins de nos lecteurs. Le paysage journalistique se transforme, et notre fa\u00e7on de diffuser l&rsquo;information aupr\u00e8s de notre communaut\u00e9 se doit d&rsquo;\u00e9voluer avec lui.<\/p>\n\n\n\n<p>C\u2019est dans cette optique que nous avons le plaisir d&rsquo;annoncer que <em>The Equity<\/em> est d\u00e9sormais disponible sous forme d&rsquo;application mobile d\u00e9di\u00e9e sur <strong>l&rsquo;<a href=\"https:\/\/apps.apple.com\/ca\/app\/the-equity\/id6633447082\">App Store d&rsquo;Apple<\/a> <\/strong>et le <strong><a href=\"https:\/\/play.google.com\/store\/apps\/details?id=app.theequity.android\">Google Play Store.<\/a><\/strong><\/p>\n\n\n\n<p>Nous sommes conscients que l&rsquo;\u00e9poque o\u00f9 l&rsquo;on devait attendre pour obtenir des nouvelles est r\u00e9volue. Dans un monde ax\u00e9 sur le mobile, l&rsquo;instantan\u00e9it\u00e9 de l&rsquo;acc\u00e8s \u00e0 l&rsquo;information est primordiale. Qu&rsquo;il s&rsquo;agisse de nouvelles de derni\u00e8re heure ou de mises \u00e0 jour locales, nos lecteurs doivent pouvoir consulter nos reportages en temps r\u00e9el, peu importe o\u00f9 ils se trouvent. Cette application constitue la suite logique pour garantir que notre journalisme demeure au c\u0153ur de votre quotidien.<\/p>\n\n\n\n<p>Nous avons pass\u00e9 les derniers mois \u00e0 tester, en coulisses, la stabilit\u00e9 et les fonctionnalit\u00e9s de l&rsquo;application. Depuis sa mise en ligne il y a deux semaines, nous sommes heureux de constater que plus de 150 lecteurs ont d\u00e9j\u00e0 proc\u00e9d\u00e9 \u00e0 son installation. Nous remercions ces premiers utilisateurs; votre participation nous aide \u00e0 assurer la robustesse de la plateforme pour l&rsquo;ensemble de la communaut\u00e9.<\/p>\n\n\n\n<p>Ce lancement jette les bases de l&rsquo;avenir; c&rsquo;est une \u00e9tape technologique importante dans le plan d&rsquo;expansion de notre journal. \u00c0 l&rsquo;approche de la nouvelle ann\u00e9e, nous sommes impatients de mettre cette technologie \u00e0 profit pour lancer des applications mobiles pour d&rsquo;autres entreprises, les aidant ainsi \u00e0 r\u00e9ussir leur propre virage num\u00e9rique.<\/p>\n\n\n\n<p>Nous vous invitons \u00e0 vous joindre \u00e0 nous et \u00e0 nous faire part de vos commentaires sur votre exp\u00e9rience. Vous pouvez t\u00e9l\u00e9charger l&rsquo;application via les liens ci-dessous.<\/p>\n\n\n\n<ul class=\"wp-block-list\">\n<li><strong><a href=\"https:\/\/play.google.com\/store\/apps\/details?id=app.theequity.android\">T\u00e9l\u00e9charger pour Android<\/a><\/strong><\/li>\n\n\n\n<li><strong><a href=\"https:\/\/apps.apple.com\/ca\/app\/the-equity\/id6633447082\">T\u00e9l\u00e9charger pour iPhone<\/a><\/strong><\/li>\n<\/ul>\n\n\n\n<p><\/p>\n","protected":false},"excerpt":{"rendered":"<p>L\u2019an prochain, The Equity franchira une \u00e9tape importante : 143 ans de publication. En jetant un regard sur notre pass\u00e9, une constante demeure : la n\u00e9cessit\u00e9 de nous adapter aux attentes et aux besoins de nos lecteurs. Le paysage journalistique se transforme, et notre fa\u00e7on de diffuser l&rsquo;information aupr\u00e8s de notre communaut\u00e9 se doit d&rsquo;\u00e9voluer [&hellip;]<\/p>\n","protected":false},"author":1,"featured_media":5735,"comment_status":"closed","ping_status":"closed","sticky":false,"template":"","format":"standard","meta":{"footnotes":""},"categories":[103],"tags":[],"class_list":["post-5737","post","type-post","status-publish","format-standard","has-post-thumbnail","hentry","category-annonce"],"yoast_head":"<!-- This site is optimized with the Yoast SEO plugin v27.5 - https:\/\/yoast.com\/product\/yoast-seo-wordpress\/ -->\n<title>Lancement de l&#039;application The Equity sur iOS et Android - Calumet Media<\/title>\n<meta name=\"robots\" content=\"index, follow, max-snippet:-1, max-image-preview:large, max-video-preview:-1\" \/>\n<link rel=\"canonical\" href=\"https:\/\/calumetmedia.ca\/fr\/the-equity-app-launches-on-ios-and-android\/\" \/>\n<meta property=\"og:locale\" content=\"fr_FR\" \/>\n<meta property=\"og:type\" content=\"article\" \/>\n<meta property=\"og:title\" content=\"Lancement de l&#039;application The Equity sur iOS et Android - Calumet Media\" \/>\n<meta property=\"og:description\" content=\"L\u2019an prochain, The Equity franchira une \u00e9tape importante : 143 ans de publication. En jetant un regard sur notre pass\u00e9, une constante demeure : la n\u00e9cessit\u00e9 de nous adapter aux attentes et aux besoins de nos lecteurs. Le paysage journalistique se transforme, et notre fa\u00e7on de diffuser l&rsquo;information aupr\u00e8s de notre communaut\u00e9 se doit d&rsquo;\u00e9voluer [&hellip;]\" \/>\n<meta property=\"og:url\" content=\"https:\/\/calumetmedia.ca\/fr\/the-equity-app-launches-on-ios-and-android\/\" \/>\n<meta property=\"og:site_name\" content=\"Calumet Media\" \/>\n<meta property=\"article:publisher\" content=\"https:\/\/www.facebook.com\/calumetmedia\" \/>\n<meta property=\"article:author\" content=\"http:\/\/www.instagram.com\/jonstewartshow\" \/>\n<meta property=\"article:published_time\" content=\"2025-12-14T17:49:09+00:00\" \/>\n<meta property=\"article:modified_time\" content=\"2025-12-14T17:55:47+00:00\" \/>\n<meta property=\"og:image\" content=\"https:\/\/calumetmedia.ca\/wp-content\/uploads\/2025\/12\/the-equity-mobile-app.webp\" \/>\n\t<meta property=\"og:image:width\" content=\"2000\" \/>\n\t<meta property=\"og:image:height\" content=\"1333\" \/>\n\t<meta property=\"og:image:type\" content=\"image\/webp\" \/>\n<meta name=\"author\" content=\"Jon Stewart\" \/>\n<meta name=\"twitter:card\" content=\"summary_large_image\" \/>\n<meta name=\"twitter:creator\" content=\"@JonStewartShow\" \/>\n<meta name=\"twitter:site\" content=\"@calumetmedia\" \/>\n<meta name=\"twitter:label1\" content=\"\u00c9crit par\" \/>\n\t<meta name=\"twitter:data1\" content=\"Jon Stewart\" \/>\n\t<meta name=\"twitter:label2\" content=\"Dur\u00e9e de lecture estim\u00e9e\" \/>\n\t<meta name=\"twitter:data2\" content=\"2 minutes\" \/>\n<script type=\"application\/ld+json\" class=\"yoast-schema-graph\">{\"@context\":\"https:\\\/\\\/schema.org\",\"@graph\":[{\"@type\":\"Article\",\"@id\":\"https:\\\/\\\/calumetmedia.ca\\\/fr\\\/the-equity-app-launches-on-ios-and-android\\\/#article\",\"isPartOf\":{\"@id\":\"https:\\\/\\\/calumetmedia.ca\\\/fr\\\/the-equity-app-launches-on-ios-and-android\\\/\"},\"author\":{\"name\":\"Jon Stewart\",\"@id\":\"https:\\\/\\\/calumetmedia.ca\\\/fr\\\/#\\\/schema\\\/person\\\/6f577b023197a5a66d3d6e97f9112ffb\"},\"headline\":\"Lancement de l&rsquo;application The Equity sur iOS et Android\",\"datePublished\":\"2025-12-14T17:49:09+00:00\",\"dateModified\":\"2025-12-14T17:55:47+00:00\",\"mainEntityOfPage\":{\"@id\":\"https:\\\/\\\/calumetmedia.ca\\\/fr\\\/the-equity-app-launches-on-ios-and-android\\\/\"},\"wordCount\":353,\"publisher\":{\"@id\":\"https:\\\/\\\/calumetmedia.ca\\\/fr\\\/#organization\"},\"image\":{\"@id\":\"https:\\\/\\\/calumetmedia.ca\\\/fr\\\/the-equity-app-launches-on-ios-and-android\\\/#primaryimage\"},\"thumbnailUrl\":\"https:\\\/\\\/calumetmedia.ca\\\/wp-content\\\/uploads\\\/2025\\\/12\\\/the-equity-mobile-app.webp\",\"articleSection\":[\"Annonce\"],\"inLanguage\":\"fr-FR\"},{\"@type\":\"WebPage\",\"@id\":\"https:\\\/\\\/calumetmedia.ca\\\/fr\\\/the-equity-app-launches-on-ios-and-android\\\/\",\"url\":\"https:\\\/\\\/calumetmedia.ca\\\/fr\\\/the-equity-app-launches-on-ios-and-android\\\/\",\"name\":\"Lancement de l'application The Equity sur iOS et Android - Calumet Media\",\"isPartOf\":{\"@id\":\"https:\\\/\\\/calumetmedia.ca\\\/fr\\\/#website\"},\"primaryImageOfPage\":{\"@id\":\"https:\\\/\\\/calumetmedia.ca\\\/fr\\\/the-equity-app-launches-on-ios-and-android\\\/#primaryimage\"},\"image\":{\"@id\":\"https:\\\/\\\/calumetmedia.ca\\\/fr\\\/the-equity-app-launches-on-ios-and-android\\\/#primaryimage\"},\"thumbnailUrl\":\"https:\\\/\\\/calumetmedia.ca\\\/wp-content\\\/uploads\\\/2025\\\/12\\\/the-equity-mobile-app.webp\",\"datePublished\":\"2025-12-14T17:49:09+00:00\",\"dateModified\":\"2025-12-14T17:55:47+00:00\",\"breadcrumb\":{\"@id\":\"https:\\\/\\\/calumetmedia.ca\\\/fr\\\/the-equity-app-launches-on-ios-and-android\\\/#breadcrumb\"},\"inLanguage\":\"fr-FR\",\"potentialAction\":[{\"@type\":\"ReadAction\",\"target\":[\"https:\\\/\\\/calumetmedia.ca\\\/fr\\\/the-equity-app-launches-on-ios-and-android\\\/\"]}]},{\"@type\":\"ImageObject\",\"inLanguage\":\"fr-FR\",\"@id\":\"https:\\\/\\\/calumetmedia.ca\\\/fr\\\/the-equity-app-launches-on-ios-and-android\\\/#primaryimage\",\"url\":\"https:\\\/\\\/calumetmedia.ca\\\/wp-content\\\/uploads\\\/2025\\\/12\\\/the-equity-mobile-app.webp\",\"contentUrl\":\"https:\\\/\\\/calumetmedia.ca\\\/wp-content\\\/uploads\\\/2025\\\/12\\\/the-equity-mobile-app.webp\",\"width\":2000,\"height\":1333,\"caption\":\"The Equity Mobile App Launch\"},{\"@type\":\"BreadcrumbList\",\"@id\":\"https:\\\/\\\/calumetmedia.ca\\\/fr\\\/the-equity-app-launches-on-ios-and-android\\\/#breadcrumb\",\"itemListElement\":[{\"@type\":\"ListItem\",\"position\":1,\"name\":\"Home\",\"item\":\"https:\\\/\\\/calumetmedia.ca\\\/fr\\\/\"},{\"@type\":\"ListItem\",\"position\":2,\"name\":\"Lancement de l&#8217;application The Equity sur iOS et Android\"}]},{\"@type\":\"WebSite\",\"@id\":\"https:\\\/\\\/calumetmedia.ca\\\/fr\\\/#website\",\"url\":\"https:\\\/\\\/calumetmedia.ca\\\/fr\\\/\",\"name\":\"Calumet Media and Consulting\",\"description\":\"Solutions de marketing compl\u00e8tes pour les entreprises locales\",\"publisher\":{\"@id\":\"https:\\\/\\\/calumetmedia.ca\\\/fr\\\/#organization\"},\"alternateName\":\"Calumet Media\",\"potentialAction\":[{\"@type\":\"SearchAction\",\"target\":{\"@type\":\"EntryPoint\",\"urlTemplate\":\"https:\\\/\\\/calumetmedia.ca\\\/fr\\\/?s={search_term_string}\"},\"query-input\":{\"@type\":\"PropertyValueSpecification\",\"valueRequired\":true,\"valueName\":\"search_term_string\"}}],\"inLanguage\":\"fr-FR\"},{\"@type\":\"Organization\",\"@id\":\"https:\\\/\\\/calumetmedia.ca\\\/fr\\\/#organization\",\"name\":\"Calumet Media and Consulting\",\"alternateName\":\"Calumet Media\",\"url\":\"https:\\\/\\\/calumetmedia.ca\\\/fr\\\/\",\"logo\":{\"@type\":\"ImageObject\",\"inLanguage\":\"fr-FR\",\"@id\":\"https:\\\/\\\/calumetmedia.ca\\\/fr\\\/#\\\/schema\\\/logo\\\/image\\\/\",\"url\":\"https:\\\/\\\/qbse39.p3cdn1.secureserver.net\\\/wp-content\\\/uploads\\\/2023\\\/01\\\/chat-icon-calumet-long.png?time=1677097172\",\"contentUrl\":\"https:\\\/\\\/qbse39.p3cdn1.secureserver.net\\\/wp-content\\\/uploads\\\/2023\\\/01\\\/chat-icon-calumet-long.png?time=1677097172\",\"width\":648,\"height\":468,\"caption\":\"Calumet Media and Consulting\"},\"image\":{\"@id\":\"https:\\\/\\\/calumetmedia.ca\\\/fr\\\/#\\\/schema\\\/logo\\\/image\\\/\"},\"sameAs\":[\"https:\\\/\\\/www.facebook.com\\\/calumetmedia\",\"https:\\\/\\\/x.com\\\/calumetmedia\",\"https:\\\/\\\/www.linkedin.com\\\/company\\\/calumet-media-consulting\\\/\",\"http:\\\/\\\/www.instagram.com\\\/jonstewartshow\"]},{\"@type\":\"Person\",\"@id\":\"https:\\\/\\\/calumetmedia.ca\\\/fr\\\/#\\\/schema\\\/person\\\/6f577b023197a5a66d3d6e97f9112ffb\",\"name\":\"Jon Stewart\",\"image\":{\"@type\":\"ImageObject\",\"inLanguage\":\"fr-FR\",\"@id\":\"https:\\\/\\\/secure.gravatar.com\\\/avatar\\\/8083a3249676f6bd39b949bb7a88aaa7f607e4059ace93425db991e4711a1f0a?s=96&d=blank&r=g\",\"url\":\"https:\\\/\\\/secure.gravatar.com\\\/avatar\\\/8083a3249676f6bd39b949bb7a88aaa7f607e4059ace93425db991e4711a1f0a?s=96&d=blank&r=g\",\"contentUrl\":\"https:\\\/\\\/secure.gravatar.com\\\/avatar\\\/8083a3249676f6bd39b949bb7a88aaa7f607e4059ace93425db991e4711a1f0a?s=96&d=blank&r=g\",\"caption\":\"Jon Stewart\"},\"description\":\"Located in the Pontiac region of Quebec, Jon is a sales and marketing executive with more than twenty years of experience in the radio and media industries. Passionate about helping businesses get their footing in the constantly evolving digital landscape, he can be reached at jon@calumetmedia.ca.\",\"sameAs\":[\"https:\\\/\\\/calumetmedia.ca\",\"http:\\\/\\\/www.instagram.com\\\/jonstewartshow\",\"http:\\\/\\\/www.linkedin.com\\\/in\\\/jonstewartshow\",\"https:\\\/\\\/x.com\\\/JonStewartShow\"],\"url\":\"https:\\\/\\\/calumetmedia.ca\\\/fr\\\/author\\\/dailyshow\\\/\"}]}<\/script>\n<!-- \/ Yoast SEO plugin. -->","yoast_head_json":{"title":"Lancement de l'application The Equity sur iOS et Android - Calumet Media","robots":{"index":"index","follow":"follow","max-snippet":"max-snippet:-1","max-image-preview":"max-image-preview:large","max-video-preview":"max-video-preview:-1"},"canonical":"https:\/\/calumetmedia.ca\/fr\/the-equity-app-launches-on-ios-and-android\/","og_locale":"fr_FR","og_type":"article","og_title":"Lancement de l'application The Equity sur iOS et Android - Calumet Media","og_description":"L\u2019an prochain, The Equity franchira une \u00e9tape importante : 143 ans de publication. En jetant un regard sur notre pass\u00e9, une constante demeure : la n\u00e9cessit\u00e9 de nous adapter aux attentes et aux besoins de nos lecteurs. Le paysage journalistique se transforme, et notre fa\u00e7on de diffuser l&rsquo;information aupr\u00e8s de notre communaut\u00e9 se doit d&rsquo;\u00e9voluer [&hellip;]","og_url":"https:\/\/calumetmedia.ca\/fr\/the-equity-app-launches-on-ios-and-android\/","og_site_name":"Calumet Media","article_publisher":"https:\/\/www.facebook.com\/calumetmedia","article_author":"http:\/\/www.instagram.com\/jonstewartshow","article_published_time":"2025-12-14T17:49:09+00:00","article_modified_time":"2025-12-14T17:55:47+00:00","og_image":[{"width":2000,"height":1333,"url":"https:\/\/calumetmedia.ca\/wp-content\/uploads\/2025\/12\/the-equity-mobile-app.webp","type":"image\/webp"}],"author":"Jon Stewart","twitter_card":"summary_large_image","twitter_creator":"@JonStewartShow","twitter_site":"@calumetmedia","twitter_misc":{"\u00c9crit par":"Jon Stewart","Dur\u00e9e de lecture estim\u00e9e":"2 minutes"},"schema":{"@context":"https:\/\/schema.org","@graph":[{"@type":"Article","@id":"https:\/\/calumetmedia.ca\/fr\/the-equity-app-launches-on-ios-and-android\/#article","isPartOf":{"@id":"https:\/\/calumetmedia.ca\/fr\/the-equity-app-launches-on-ios-and-android\/"},"author":{"name":"Jon Stewart","@id":"https:\/\/calumetmedia.ca\/fr\/#\/schema\/person\/6f577b023197a5a66d3d6e97f9112ffb"},"headline":"Lancement de l&rsquo;application The Equity sur iOS et Android","datePublished":"2025-12-14T17:49:09+00:00","dateModified":"2025-12-14T17:55:47+00:00","mainEntityOfPage":{"@id":"https:\/\/calumetmedia.ca\/fr\/the-equity-app-launches-on-ios-and-android\/"},"wordCount":353,"publisher":{"@id":"https:\/\/calumetmedia.ca\/fr\/#organization"},"image":{"@id":"https:\/\/calumetmedia.ca\/fr\/the-equity-app-launches-on-ios-and-android\/#primaryimage"},"thumbnailUrl":"https:\/\/calumetmedia.ca\/wp-content\/uploads\/2025\/12\/the-equity-mobile-app.webp","articleSection":["Annonce"],"inLanguage":"fr-FR"},{"@type":"WebPage","@id":"https:\/\/calumetmedia.ca\/fr\/the-equity-app-launches-on-ios-and-android\/","url":"https:\/\/calumetmedia.ca\/fr\/the-equity-app-launches-on-ios-and-android\/","name":"Lancement de l'application The Equity sur iOS et Android - Calumet Media","isPartOf":{"@id":"https:\/\/calumetmedia.ca\/fr\/#website"},"primaryImageOfPage":{"@id":"https:\/\/calumetmedia.ca\/fr\/the-equity-app-launches-on-ios-and-android\/#primaryimage"},"image":{"@id":"https:\/\/calumetmedia.ca\/fr\/the-equity-app-launches-on-ios-and-android\/#primaryimage"},"thumbnailUrl":"https:\/\/calumetmedia.ca\/wp-content\/uploads\/2025\/12\/the-equity-mobile-app.webp","datePublished":"2025-12-14T17:49:09+00:00","dateModified":"2025-12-14T17:55:47+00:00","breadcrumb":{"@id":"https:\/\/calumetmedia.ca\/fr\/the-equity-app-launches-on-ios-and-android\/#breadcrumb"},"inLanguage":"fr-FR","potentialAction":[{"@type":"ReadAction","target":["https:\/\/calumetmedia.ca\/fr\/the-equity-app-launches-on-ios-and-android\/"]}]},{"@type":"ImageObject","inLanguage":"fr-FR","@id":"https:\/\/calumetmedia.ca\/fr\/the-equity-app-launches-on-ios-and-android\/#primaryimage","url":"https:\/\/calumetmedia.ca\/wp-content\/uploads\/2025\/12\/the-equity-mobile-app.webp","contentUrl":"https:\/\/calumetmedia.ca\/wp-content\/uploads\/2025\/12\/the-equity-mobile-app.webp","width":2000,"height":1333,"caption":"The Equity Mobile App Launch"},{"@type":"BreadcrumbList","@id":"https:\/\/calumetmedia.ca\/fr\/the-equity-app-launches-on-ios-and-android\/#breadcrumb","itemListElement":[{"@type":"ListItem","position":1,"name":"Home","item":"https:\/\/calumetmedia.ca\/fr\/"},{"@type":"ListItem","position":2,"name":"Lancement de l&#8217;application The Equity sur iOS et Android"}]},{"@type":"WebSite","@id":"https:\/\/calumetmedia.ca\/fr\/#website","url":"https:\/\/calumetmedia.ca\/fr\/","name":"Calumet Media and Consulting","description":"Solutions de marketing compl\u00e8tes pour les entreprises locales","publisher":{"@id":"https:\/\/calumetmedia.ca\/fr\/#organization"},"alternateName":"Calumet Media","potentialAction":[{"@type":"SearchAction","target":{"@type":"EntryPoint","urlTemplate":"https:\/\/calumetmedia.ca\/fr\/?s={search_term_string}"},"query-input":{"@type":"PropertyValueSpecification","valueRequired":true,"valueName":"search_term_string"}}],"inLanguage":"fr-FR"},{"@type":"Organization","@id":"https:\/\/calumetmedia.ca\/fr\/#organization","name":"Calumet Media and Consulting","alternateName":"Calumet Media","url":"https:\/\/calumetmedia.ca\/fr\/","logo":{"@type":"ImageObject","inLanguage":"fr-FR","@id":"https:\/\/calumetmedia.ca\/fr\/#\/schema\/logo\/image\/","url":"https:\/\/qbse39.p3cdn1.secureserver.net\/wp-content\/uploads\/2023\/01\/chat-icon-calumet-long.png?time=1677097172","contentUrl":"https:\/\/qbse39.p3cdn1.secureserver.net\/wp-content\/uploads\/2023\/01\/chat-icon-calumet-long.png?time=1677097172","width":648,"height":468,"caption":"Calumet Media and Consulting"},"image":{"@id":"https:\/\/calumetmedia.ca\/fr\/#\/schema\/logo\/image\/"},"sameAs":["https:\/\/www.facebook.com\/calumetmedia","https:\/\/x.com\/calumetmedia","https:\/\/www.linkedin.com\/company\/calumet-media-consulting\/","http:\/\/www.instagram.com\/jonstewartshow"]},{"@type":"Person","@id":"https:\/\/calumetmedia.ca\/fr\/#\/schema\/person\/6f577b023197a5a66d3d6e97f9112ffb","name":"Jon Stewart","image":{"@type":"ImageObject","inLanguage":"fr-FR","@id":"https:\/\/secure.gravatar.com\/avatar\/8083a3249676f6bd39b949bb7a88aaa7f607e4059ace93425db991e4711a1f0a?s=96&d=blank&r=g","url":"https:\/\/secure.gravatar.com\/avatar\/8083a3249676f6bd39b949bb7a88aaa7f607e4059ace93425db991e4711a1f0a?s=96&d=blank&r=g","contentUrl":"https:\/\/secure.gravatar.com\/avatar\/8083a3249676f6bd39b949bb7a88aaa7f607e4059ace93425db991e4711a1f0a?s=96&d=blank&r=g","caption":"Jon Stewart"},"description":"Located in the Pontiac region of Quebec, Jon is a sales and marketing executive with more than twenty years of experience in the radio and media industries. Passionate about helping businesses get their footing in the constantly evolving digital landscape, he can be reached at jon@calumetmedia.ca.","sameAs":["https:\/\/calumetmedia.ca","http:\/\/www.instagram.com\/jonstewartshow","http:\/\/www.linkedin.com\/in\/jonstewartshow","https:\/\/x.com\/JonStewartShow"],"url":"https:\/\/calumetmedia.ca\/fr\/author\/dailyshow\/"}]}},"_links":{"self":[{"href":"https:\/\/calumetmedia.ca\/fr\/wp-json\/wp\/v2\/posts\/5737","targetHints":{"allow":["GET"]}}],"collection":[{"href":"https:\/\/calumetmedia.ca\/fr\/wp-json\/wp\/v2\/posts"}],"about":[{"href":"https:\/\/calumetmedia.ca\/fr\/wp-json\/wp\/v2\/types\/post"}],"author":[{"embeddable":true,"href":"https:\/\/calumetmedia.ca\/fr\/wp-json\/wp\/v2\/users\/1"}],"replies":[{"embeddable":true,"href":"https:\/\/calumetmedia.ca\/fr\/wp-json\/wp\/v2\/comments?post=5737"}],"version-history":[{"count":3,"href":"https:\/\/calumetmedia.ca\/fr\/wp-json\/wp\/v2\/posts\/5737\/revisions"}],"predecessor-version":[{"id":5742,"href":"https:\/\/calumetmedia.ca\/fr\/wp-json\/wp\/v2\/posts\/5737\/revisions\/5742"}],"wp:featuredmedia":[{"embeddable":true,"href":"https:\/\/calumetmedia.ca\/fr\/wp-json\/wp\/v2\/media\/5735"}],"wp:attachment":[{"href":"https:\/\/calumetmedia.ca\/fr\/wp-json\/wp\/v2\/media?parent=5737"}],"wp:term":[{"taxonomy":"category","embeddable":true,"href":"https:\/\/calumetmedia.ca\/fr\/wp-json\/wp\/v2\/categories?post=5737"},{"taxonomy":"post_tag","embeddable":true,"href":"https:\/\/calumetmedia.ca\/fr\/wp-json\/wp\/v2\/tags?post=5737"}],"curies":[{"name":"wp","href":"https:\/\/api.w.org\/{rel}","templated":true}]}}