{"id":5781,"date":"2026-01-04T10:23:11","date_gmt":"2026-01-04T15:23:11","guid":{"rendered":"https:\/\/calumetmedia.ca\/the-equitys-feature-calendar-2026\/"},"modified":"2026-02-08T15:20:28","modified_gmt":"2026-02-08T20:20:28","slug":"the-equitys-feature-calendar-2026","status":"publish","type":"post","link":"https:\/\/calumetmedia.ca\/fr\/the-equitys-feature-calendar-2026\/","title":{"rendered":"Calendrier des \u00e9ditions sp\u00e9ciales 2026 de The Equity"},"content":{"rendered":"\n<p>Alors que les entreprises amorcent la planification de leurs strat\u00e9gies marketing pour 2026, <strong>The Equity<\/strong> propose \u00e0 nouveau une s\u00e9rie d\u2019\u00e9ditions sp\u00e9ciales \u00e0 fort impact, con\u00e7ues pour s\u2019arrimer aux moments forts du calendrier du Pontiac. Ces num\u00e9ros profitent d\u2019un vaste lectorat et d\u2019un nombre de pages accru, ce qui prolonge leur dur\u00e9e de vie et favorise un engagement concret tant aupr\u00e8s des r\u00e9sidents que des vill\u00e9giateurs.<\/p>\n\n\n\n<p>Afin d\u2019aider les annonceurs \u00e0 planifier t\u00f4t \u2014 et \u00e0 r\u00e9server leurs emplacements de choix \u2014 nous pr\u00e9sentons ci-dessous nos principales \u00e9ditions th\u00e9matiques pour 2026.<\/p>\n\n\n\n<h2 class=\"wp-block-heading\">Guide de l\u2019\u00e9t\u00e9 2026<\/h2>\n\n\n\n<p><strong>Date de publication : 13 mai 2026<\/strong><\/p>\n\n\n\n<p>Notre Guide de l\u2019\u00e9t\u00e9 lance la saison juste avant la longue fin de semaine de la f\u00eate de la Reine (f\u00eate des Patriotes), au moment o\u00f9 les vill\u00e9giateurs sont de retour et o\u00f9 la planification estivale bat son plein. Cette \u00e9dition cible :<\/p>\n\n\n\n<ul class=\"wp-block-list\">\n<li>Les r\u00e9sidents saisonniers de retour dans la r\u00e9gion<\/li>\n\n\n\n<li>Les familles planifiant leurs activit\u00e9s d\u2019\u00e9t\u00e9<\/li>\n\n\n\n<li>Les visiteurs \u00e0 la recherche de services, d\u2019\u00e9v\u00e9nements et d\u2019exp\u00e9riences<\/li>\n<\/ul>\n\n\n\n<p>Gr\u00e2ce \u00e0 un excellent taux de prise en main et une consultation r\u00e9p\u00e9t\u00e9e tout au long de la saison, le Guide de l\u2019\u00e9t\u00e9 demeure l\u2019un des num\u00e9ros les plus consult\u00e9s de l\u2019ann\u00e9e chez <em>The Equity<\/em>.<\/p>\n\n\n\n<h2 class=\"wp-block-heading\"><br>Expo de Shawville \u2013 170e \u00e9dition<\/h2>\n\n\n\n<p><strong>Date de publication : 26 ao\u00fbt 2026<\/strong><\/p>\n\n\n\n<p>Expo de Shawville 2026 marquera une \u00e9tape historique : la 170e \u00e9dition de l&rsquo;un des \u00e9v\u00e9nements les plus embl\u00e9matiques de la r\u00e9gion. Ce cahier sp\u00e9cial comprendra :<\/p>\n\n\n\n<ul class=\"wp-block-list\">\n<li>Les incontournables de la prochaine foire<\/li>\n\n\n\n<li>Les points saillants de la programmation et les horaires<\/li>\n\n\n\n<li>Une couverture communautaire et agricole<\/li>\n<\/ul>\n\n\n\n<p>Il s\u2019agit d\u2019un num\u00e9ro tr\u00e8s attendu b\u00e9n\u00e9ficiant d\u2019une vaste port\u00e9e r\u00e9gionale, attirant autant les lecteurs locaux que les visiteurs de la foire.<\/p>\n\n\n\n<h2 class=\"wp-block-heading\">\u00c9dition de No\u00ebl<\/h2>\n\n\n\n<p><strong>Date de publication : 23 d\u00e9cembre 2026<\/strong><\/p>\n\n\n\n<p>Notre \u00e9dition de No\u00ebl bonifi\u00e9e est con\u00e7ue pour les moments de d\u00e9tente durant la p\u00e9riode des F\u00eates. Ce num\u00e9ro propose :<\/p>\n\n\n\n<ul class=\"wp-block-list\">\n<li>Des dossiers saisonniers et du contenu communautaire<\/li>\n\n\n\n<li>Des jeux, des casse-t\u00eates et des lectures l\u00e9g\u00e8res<\/li>\n\n\n\n<li>Des \u00e9ditoriaux et des reportages th\u00e9matiques sur les F\u00eates<\/li>\n<\/ul>\n\n\n\n<p>Lanc\u00e9e \u00e0 la fin d\u00e9cembre, cette \u00e9dition demeure souvent dans les foyers bien apr\u00e8s le d\u00e9but de la nouvelle ann\u00e9e, offrant aux annonceurs une visibilit\u00e9 prolong\u00e9e durant une p\u00e9riode marketing habituellement plus calme.<\/p>\n\n\n\n<figure class=\"wp-block-image size-full\"><a href=\"https:\/\/theequity.ca\/mp-files\/kit-des-medias-2026.pdf\/\"><img fetchpriority=\"high\" decoding=\"async\" width=\"600\" height=\"125\" src=\"https:\/\/calumetmedia.ca\/wp-content\/uploads\/2026\/02\/2026-equity-media-kit-fr.jpg\" alt=\"\" class=\"wp-image-5831\" srcset=\"https:\/\/calumetmedia.ca\/wp-content\/uploads\/2026\/02\/2026-equity-media-kit-fr.jpg 600w, https:\/\/calumetmedia.ca\/wp-content\/uploads\/2026\/02\/2026-equity-media-kit-fr-300x63.jpg 300w\" sizes=\"(max-width: 600px) 100vw, 600px\" \/><\/a><\/figure>\n\n\n\n<h3 class=\"wp-block-heading\">R\u00e9servez t\u00f4t pour garantir votre emplacement<\/h3>\n\n\n\n<p>Ces \u00e9ditions th\u00e9matiques figurent parmi les num\u00e9ros les plus lus et les plus conserv\u00e9s de <em>The Equity<\/em>. Les espaces publicitaires sont limit\u00e9s et les emplacements pr\u00e9f\u00e9rentiels sont souvent r\u00e9serv\u00e9s longtemps \u00e0 l&rsquo;avance.<\/p>\n\n\n\n<p>Si vous pr\u00e9parez actuellement votre budget marketing 2026, une r\u00e9servation h\u00e2tive vous assure :<\/p>\n\n\n\n<ul class=\"wp-block-list\">\n<li>Un emplacement prioritaire<\/li>\n\n\n\n<li>Une meilleure planification cr\u00e9ative<\/li>\n\n\n\n<li>Une pr\u00e9sence garantie dans ces \u00e9ditions \u00e0 fort achalandage<\/li>\n<\/ul>\n\n\n\n<p>Pour discuter des disponibilit\u00e9s ou pour r\u00e9server votre espace, communiquez t\u00f4t avec l\u2019\u00e9quipe publicitaire de <em>The Equity<\/em> par courriel \u00e0 <strong>ads@theequity.ca<\/strong>.<\/p>\n\n\n\n<p><\/p>\n","protected":false},"excerpt":{"rendered":"<p>Alors que les entreprises amorcent la planification de leurs strat\u00e9gies marketing pour 2026, The Equity propose \u00e0 nouveau une s\u00e9rie d\u2019\u00e9ditions sp\u00e9ciales \u00e0 fort impact, con\u00e7ues pour s\u2019arrimer aux moments forts du calendrier du Pontiac. Ces num\u00e9ros profitent d\u2019un vaste lectorat et d\u2019un nombre de pages accru, ce qui prolonge leur dur\u00e9e de vie et [&hellip;]<\/p>\n","protected":false},"author":1,"featured_media":5776,"comment_status":"closed","ping_status":"closed","sticky":false,"template":"","format":"standard","meta":{"footnotes":""},"categories":[103],"tags":[],"class_list":["post-5781","post","type-post","status-publish","format-standard","has-post-thumbnail","hentry","category-annonce"],"yoast_head":"<!-- This site is optimized with the Yoast SEO plugin v27.5 - https:\/\/yoast.com\/product\/yoast-seo-wordpress\/ -->\n<title>Calendrier des \u00e9ditions sp\u00e9ciales 2026 de The Equity - Calumet Media<\/title>\n<meta name=\"robots\" content=\"index, follow, max-snippet:-1, max-image-preview:large, max-video-preview:-1\" \/>\n<link rel=\"canonical\" href=\"https:\/\/calumetmedia.ca\/fr\/the-equitys-feature-calendar-2026\/\" \/>\n<meta property=\"og:locale\" content=\"fr_FR\" \/>\n<meta property=\"og:type\" content=\"article\" \/>\n<meta property=\"og:title\" content=\"Calendrier des \u00e9ditions sp\u00e9ciales 2026 de The Equity - Calumet Media\" \/>\n<meta property=\"og:description\" content=\"Alors que les entreprises amorcent la planification de leurs strat\u00e9gies marketing pour 2026, The Equity propose \u00e0 nouveau une s\u00e9rie d\u2019\u00e9ditions sp\u00e9ciales \u00e0 fort impact, con\u00e7ues pour s\u2019arrimer aux moments forts du calendrier du Pontiac. Ces num\u00e9ros profitent d\u2019un vaste lectorat et d\u2019un nombre de pages accru, ce qui prolonge leur dur\u00e9e de vie et [&hellip;]\" \/>\n<meta property=\"og:url\" content=\"https:\/\/calumetmedia.ca\/fr\/the-equitys-feature-calendar-2026\/\" \/>\n<meta property=\"og:site_name\" content=\"Calumet Media\" \/>\n<meta property=\"article:publisher\" content=\"https:\/\/www.facebook.com\/calumetmedia\" \/>\n<meta property=\"article:author\" content=\"http:\/\/www.instagram.com\/jonstewartshow\" \/>\n<meta property=\"article:published_time\" content=\"2026-01-04T15:23:11+00:00\" \/>\n<meta property=\"article:modified_time\" content=\"2026-02-08T20:20:28+00:00\" \/>\n<meta property=\"og:image\" content=\"https:\/\/calumetmedia.ca\/wp-content\/uploads\/2026\/01\/2026-features-the-equity.webp\" \/>\n\t<meta property=\"og:image:width\" content=\"2000\" \/>\n\t<meta property=\"og:image:height\" content=\"1333\" \/>\n\t<meta property=\"og:image:type\" content=\"image\/webp\" \/>\n<meta name=\"author\" content=\"Jon Stewart\" \/>\n<meta name=\"twitter:card\" content=\"summary_large_image\" \/>\n<meta name=\"twitter:creator\" content=\"@JonStewartShow\" \/>\n<meta name=\"twitter:site\" content=\"@calumetmedia\" \/>\n<meta name=\"twitter:label1\" content=\"\u00c9crit par\" \/>\n\t<meta name=\"twitter:data1\" content=\"Jon Stewart\" \/>\n\t<meta name=\"twitter:label2\" content=\"Dur\u00e9e de lecture estim\u00e9e\" \/>\n\t<meta name=\"twitter:data2\" content=\"3 minutes\" \/>\n<script type=\"application\/ld+json\" class=\"yoast-schema-graph\">{\"@context\":\"https:\\\/\\\/schema.org\",\"@graph\":[{\"@type\":\"Article\",\"@id\":\"https:\\\/\\\/calumetmedia.ca\\\/fr\\\/the-equitys-feature-calendar-2026\\\/#article\",\"isPartOf\":{\"@id\":\"https:\\\/\\\/calumetmedia.ca\\\/fr\\\/the-equitys-feature-calendar-2026\\\/\"},\"author\":{\"name\":\"Jon Stewart\",\"@id\":\"https:\\\/\\\/calumetmedia.ca\\\/fr\\\/#\\\/schema\\\/person\\\/6f577b023197a5a66d3d6e97f9112ffb\"},\"headline\":\"Calendrier des \u00e9ditions sp\u00e9ciales 2026 de The Equity\",\"datePublished\":\"2026-01-04T15:23:11+00:00\",\"dateModified\":\"2026-02-08T20:20:28+00:00\",\"mainEntityOfPage\":{\"@id\":\"https:\\\/\\\/calumetmedia.ca\\\/fr\\\/the-equitys-feature-calendar-2026\\\/\"},\"wordCount\":538,\"publisher\":{\"@id\":\"https:\\\/\\\/calumetmedia.ca\\\/fr\\\/#organization\"},\"image\":{\"@id\":\"https:\\\/\\\/calumetmedia.ca\\\/fr\\\/the-equitys-feature-calendar-2026\\\/#primaryimage\"},\"thumbnailUrl\":\"https:\\\/\\\/calumetmedia.ca\\\/wp-content\\\/uploads\\\/2026\\\/01\\\/2026-features-the-equity.webp\",\"articleSection\":[\"Annonce\"],\"inLanguage\":\"fr-FR\"},{\"@type\":\"WebPage\",\"@id\":\"https:\\\/\\\/calumetmedia.ca\\\/fr\\\/the-equitys-feature-calendar-2026\\\/\",\"url\":\"https:\\\/\\\/calumetmedia.ca\\\/fr\\\/the-equitys-feature-calendar-2026\\\/\",\"name\":\"Calendrier des \u00e9ditions sp\u00e9ciales 2026 de The Equity - Calumet Media\",\"isPartOf\":{\"@id\":\"https:\\\/\\\/calumetmedia.ca\\\/fr\\\/#website\"},\"primaryImageOfPage\":{\"@id\":\"https:\\\/\\\/calumetmedia.ca\\\/fr\\\/the-equitys-feature-calendar-2026\\\/#primaryimage\"},\"image\":{\"@id\":\"https:\\\/\\\/calumetmedia.ca\\\/fr\\\/the-equitys-feature-calendar-2026\\\/#primaryimage\"},\"thumbnailUrl\":\"https:\\\/\\\/calumetmedia.ca\\\/wp-content\\\/uploads\\\/2026\\\/01\\\/2026-features-the-equity.webp\",\"datePublished\":\"2026-01-04T15:23:11+00:00\",\"dateModified\":\"2026-02-08T20:20:28+00:00\",\"breadcrumb\":{\"@id\":\"https:\\\/\\\/calumetmedia.ca\\\/fr\\\/the-equitys-feature-calendar-2026\\\/#breadcrumb\"},\"inLanguage\":\"fr-FR\",\"potentialAction\":[{\"@type\":\"ReadAction\",\"target\":[\"https:\\\/\\\/calumetmedia.ca\\\/fr\\\/the-equitys-feature-calendar-2026\\\/\"]}]},{\"@type\":\"ImageObject\",\"inLanguage\":\"fr-FR\",\"@id\":\"https:\\\/\\\/calumetmedia.ca\\\/fr\\\/the-equitys-feature-calendar-2026\\\/#primaryimage\",\"url\":\"https:\\\/\\\/calumetmedia.ca\\\/wp-content\\\/uploads\\\/2026\\\/01\\\/2026-features-the-equity.webp\",\"contentUrl\":\"https:\\\/\\\/calumetmedia.ca\\\/wp-content\\\/uploads\\\/2026\\\/01\\\/2026-features-the-equity.webp\",\"width\":2000,\"height\":1333,\"caption\":\"2026 Features\"},{\"@type\":\"BreadcrumbList\",\"@id\":\"https:\\\/\\\/calumetmedia.ca\\\/fr\\\/the-equitys-feature-calendar-2026\\\/#breadcrumb\",\"itemListElement\":[{\"@type\":\"ListItem\",\"position\":1,\"name\":\"Home\",\"item\":\"https:\\\/\\\/calumetmedia.ca\\\/fr\\\/\"},{\"@type\":\"ListItem\",\"position\":2,\"name\":\"Calendrier des \u00e9ditions sp\u00e9ciales 2026 de The Equity\"}]},{\"@type\":\"WebSite\",\"@id\":\"https:\\\/\\\/calumetmedia.ca\\\/fr\\\/#website\",\"url\":\"https:\\\/\\\/calumetmedia.ca\\\/fr\\\/\",\"name\":\"Calumet Media and Consulting\",\"description\":\"Solutions de marketing compl\u00e8tes pour les entreprises locales\",\"publisher\":{\"@id\":\"https:\\\/\\\/calumetmedia.ca\\\/fr\\\/#organization\"},\"alternateName\":\"Calumet Media\",\"potentialAction\":[{\"@type\":\"SearchAction\",\"target\":{\"@type\":\"EntryPoint\",\"urlTemplate\":\"https:\\\/\\\/calumetmedia.ca\\\/fr\\\/?s={search_term_string}\"},\"query-input\":{\"@type\":\"PropertyValueSpecification\",\"valueRequired\":true,\"valueName\":\"search_term_string\"}}],\"inLanguage\":\"fr-FR\"},{\"@type\":\"Organization\",\"@id\":\"https:\\\/\\\/calumetmedia.ca\\\/fr\\\/#organization\",\"name\":\"Calumet Media and Consulting\",\"alternateName\":\"Calumet Media\",\"url\":\"https:\\\/\\\/calumetmedia.ca\\\/fr\\\/\",\"logo\":{\"@type\":\"ImageObject\",\"inLanguage\":\"fr-FR\",\"@id\":\"https:\\\/\\\/calumetmedia.ca\\\/fr\\\/#\\\/schema\\\/logo\\\/image\\\/\",\"url\":\"https:\\\/\\\/qbse39.p3cdn1.secureserver.net\\\/wp-content\\\/uploads\\\/2023\\\/01\\\/chat-icon-calumet-long.png?time=1677097172\",\"contentUrl\":\"https:\\\/\\\/qbse39.p3cdn1.secureserver.net\\\/wp-content\\\/uploads\\\/2023\\\/01\\\/chat-icon-calumet-long.png?time=1677097172\",\"width\":648,\"height\":468,\"caption\":\"Calumet Media and Consulting\"},\"image\":{\"@id\":\"https:\\\/\\\/calumetmedia.ca\\\/fr\\\/#\\\/schema\\\/logo\\\/image\\\/\"},\"sameAs\":[\"https:\\\/\\\/www.facebook.com\\\/calumetmedia\",\"https:\\\/\\\/x.com\\\/calumetmedia\",\"https:\\\/\\\/www.linkedin.com\\\/company\\\/calumet-media-consulting\\\/\",\"http:\\\/\\\/www.instagram.com\\\/jonstewartshow\"]},{\"@type\":\"Person\",\"@id\":\"https:\\\/\\\/calumetmedia.ca\\\/fr\\\/#\\\/schema\\\/person\\\/6f577b023197a5a66d3d6e97f9112ffb\",\"name\":\"Jon Stewart\",\"image\":{\"@type\":\"ImageObject\",\"inLanguage\":\"fr-FR\",\"@id\":\"https:\\\/\\\/secure.gravatar.com\\\/avatar\\\/8083a3249676f6bd39b949bb7a88aaa7f607e4059ace93425db991e4711a1f0a?s=96&d=blank&r=g\",\"url\":\"https:\\\/\\\/secure.gravatar.com\\\/avatar\\\/8083a3249676f6bd39b949bb7a88aaa7f607e4059ace93425db991e4711a1f0a?s=96&d=blank&r=g\",\"contentUrl\":\"https:\\\/\\\/secure.gravatar.com\\\/avatar\\\/8083a3249676f6bd39b949bb7a88aaa7f607e4059ace93425db991e4711a1f0a?s=96&d=blank&r=g\",\"caption\":\"Jon Stewart\"},\"description\":\"Located in the Pontiac region of Quebec, Jon is a sales and marketing executive with more than twenty years of experience in the radio and media industries. Passionate about helping businesses get their footing in the constantly evolving digital landscape, he can be reached at jon@calumetmedia.ca.\",\"sameAs\":[\"https:\\\/\\\/calumetmedia.ca\",\"http:\\\/\\\/www.instagram.com\\\/jonstewartshow\",\"http:\\\/\\\/www.linkedin.com\\\/in\\\/jonstewartshow\",\"https:\\\/\\\/x.com\\\/JonStewartShow\"],\"url\":\"https:\\\/\\\/calumetmedia.ca\\\/fr\\\/author\\\/dailyshow\\\/\"}]}<\/script>\n<!-- \/ Yoast SEO plugin. -->","yoast_head_json":{"title":"Calendrier des \u00e9ditions sp\u00e9ciales 2026 de The Equity - Calumet Media","robots":{"index":"index","follow":"follow","max-snippet":"max-snippet:-1","max-image-preview":"max-image-preview:large","max-video-preview":"max-video-preview:-1"},"canonical":"https:\/\/calumetmedia.ca\/fr\/the-equitys-feature-calendar-2026\/","og_locale":"fr_FR","og_type":"article","og_title":"Calendrier des \u00e9ditions sp\u00e9ciales 2026 de The Equity - Calumet Media","og_description":"Alors que les entreprises amorcent la planification de leurs strat\u00e9gies marketing pour 2026, The Equity propose \u00e0 nouveau une s\u00e9rie d\u2019\u00e9ditions sp\u00e9ciales \u00e0 fort impact, con\u00e7ues pour s\u2019arrimer aux moments forts du calendrier du Pontiac. Ces num\u00e9ros profitent d\u2019un vaste lectorat et d\u2019un nombre de pages accru, ce qui prolonge leur dur\u00e9e de vie et [&hellip;]","og_url":"https:\/\/calumetmedia.ca\/fr\/the-equitys-feature-calendar-2026\/","og_site_name":"Calumet Media","article_publisher":"https:\/\/www.facebook.com\/calumetmedia","article_author":"http:\/\/www.instagram.com\/jonstewartshow","article_published_time":"2026-01-04T15:23:11+00:00","article_modified_time":"2026-02-08T20:20:28+00:00","og_image":[{"width":2000,"height":1333,"url":"https:\/\/calumetmedia.ca\/wp-content\/uploads\/2026\/01\/2026-features-the-equity.webp","type":"image\/webp"}],"author":"Jon Stewart","twitter_card":"summary_large_image","twitter_creator":"@JonStewartShow","twitter_site":"@calumetmedia","twitter_misc":{"\u00c9crit par":"Jon Stewart","Dur\u00e9e de lecture estim\u00e9e":"3 minutes"},"schema":{"@context":"https:\/\/schema.org","@graph":[{"@type":"Article","@id":"https:\/\/calumetmedia.ca\/fr\/the-equitys-feature-calendar-2026\/#article","isPartOf":{"@id":"https:\/\/calumetmedia.ca\/fr\/the-equitys-feature-calendar-2026\/"},"author":{"name":"Jon Stewart","@id":"https:\/\/calumetmedia.ca\/fr\/#\/schema\/person\/6f577b023197a5a66d3d6e97f9112ffb"},"headline":"Calendrier des \u00e9ditions sp\u00e9ciales 2026 de The Equity","datePublished":"2026-01-04T15:23:11+00:00","dateModified":"2026-02-08T20:20:28+00:00","mainEntityOfPage":{"@id":"https:\/\/calumetmedia.ca\/fr\/the-equitys-feature-calendar-2026\/"},"wordCount":538,"publisher":{"@id":"https:\/\/calumetmedia.ca\/fr\/#organization"},"image":{"@id":"https:\/\/calumetmedia.ca\/fr\/the-equitys-feature-calendar-2026\/#primaryimage"},"thumbnailUrl":"https:\/\/calumetmedia.ca\/wp-content\/uploads\/2026\/01\/2026-features-the-equity.webp","articleSection":["Annonce"],"inLanguage":"fr-FR"},{"@type":"WebPage","@id":"https:\/\/calumetmedia.ca\/fr\/the-equitys-feature-calendar-2026\/","url":"https:\/\/calumetmedia.ca\/fr\/the-equitys-feature-calendar-2026\/","name":"Calendrier des \u00e9ditions sp\u00e9ciales 2026 de The Equity - Calumet Media","isPartOf":{"@id":"https:\/\/calumetmedia.ca\/fr\/#website"},"primaryImageOfPage":{"@id":"https:\/\/calumetmedia.ca\/fr\/the-equitys-feature-calendar-2026\/#primaryimage"},"image":{"@id":"https:\/\/calumetmedia.ca\/fr\/the-equitys-feature-calendar-2026\/#primaryimage"},"thumbnailUrl":"https:\/\/calumetmedia.ca\/wp-content\/uploads\/2026\/01\/2026-features-the-equity.webp","datePublished":"2026-01-04T15:23:11+00:00","dateModified":"2026-02-08T20:20:28+00:00","breadcrumb":{"@id":"https:\/\/calumetmedia.ca\/fr\/the-equitys-feature-calendar-2026\/#breadcrumb"},"inLanguage":"fr-FR","potentialAction":[{"@type":"ReadAction","target":["https:\/\/calumetmedia.ca\/fr\/the-equitys-feature-calendar-2026\/"]}]},{"@type":"ImageObject","inLanguage":"fr-FR","@id":"https:\/\/calumetmedia.ca\/fr\/the-equitys-feature-calendar-2026\/#primaryimage","url":"https:\/\/calumetmedia.ca\/wp-content\/uploads\/2026\/01\/2026-features-the-equity.webp","contentUrl":"https:\/\/calumetmedia.ca\/wp-content\/uploads\/2026\/01\/2026-features-the-equity.webp","width":2000,"height":1333,"caption":"2026 Features"},{"@type":"BreadcrumbList","@id":"https:\/\/calumetmedia.ca\/fr\/the-equitys-feature-calendar-2026\/#breadcrumb","itemListElement":[{"@type":"ListItem","position":1,"name":"Home","item":"https:\/\/calumetmedia.ca\/fr\/"},{"@type":"ListItem","position":2,"name":"Calendrier des \u00e9ditions sp\u00e9ciales 2026 de The Equity"}]},{"@type":"WebSite","@id":"https:\/\/calumetmedia.ca\/fr\/#website","url":"https:\/\/calumetmedia.ca\/fr\/","name":"Calumet Media and Consulting","description":"Solutions de marketing compl\u00e8tes pour les entreprises locales","publisher":{"@id":"https:\/\/calumetmedia.ca\/fr\/#organization"},"alternateName":"Calumet Media","potentialAction":[{"@type":"SearchAction","target":{"@type":"EntryPoint","urlTemplate":"https:\/\/calumetmedia.ca\/fr\/?s={search_term_string}"},"query-input":{"@type":"PropertyValueSpecification","valueRequired":true,"valueName":"search_term_string"}}],"inLanguage":"fr-FR"},{"@type":"Organization","@id":"https:\/\/calumetmedia.ca\/fr\/#organization","name":"Calumet Media and Consulting","alternateName":"Calumet Media","url":"https:\/\/calumetmedia.ca\/fr\/","logo":{"@type":"ImageObject","inLanguage":"fr-FR","@id":"https:\/\/calumetmedia.ca\/fr\/#\/schema\/logo\/image\/","url":"https:\/\/qbse39.p3cdn1.secureserver.net\/wp-content\/uploads\/2023\/01\/chat-icon-calumet-long.png?time=1677097172","contentUrl":"https:\/\/qbse39.p3cdn1.secureserver.net\/wp-content\/uploads\/2023\/01\/chat-icon-calumet-long.png?time=1677097172","width":648,"height":468,"caption":"Calumet Media and Consulting"},"image":{"@id":"https:\/\/calumetmedia.ca\/fr\/#\/schema\/logo\/image\/"},"sameAs":["https:\/\/www.facebook.com\/calumetmedia","https:\/\/x.com\/calumetmedia","https:\/\/www.linkedin.com\/company\/calumet-media-consulting\/","http:\/\/www.instagram.com\/jonstewartshow"]},{"@type":"Person","@id":"https:\/\/calumetmedia.ca\/fr\/#\/schema\/person\/6f577b023197a5a66d3d6e97f9112ffb","name":"Jon Stewart","image":{"@type":"ImageObject","inLanguage":"fr-FR","@id":"https:\/\/secure.gravatar.com\/avatar\/8083a3249676f6bd39b949bb7a88aaa7f607e4059ace93425db991e4711a1f0a?s=96&d=blank&r=g","url":"https:\/\/secure.gravatar.com\/avatar\/8083a3249676f6bd39b949bb7a88aaa7f607e4059ace93425db991e4711a1f0a?s=96&d=blank&r=g","contentUrl":"https:\/\/secure.gravatar.com\/avatar\/8083a3249676f6bd39b949bb7a88aaa7f607e4059ace93425db991e4711a1f0a?s=96&d=blank&r=g","caption":"Jon Stewart"},"description":"Located in the Pontiac region of Quebec, Jon is a sales and marketing executive with more than twenty years of experience in the radio and media industries. Passionate about helping businesses get their footing in the constantly evolving digital landscape, he can be reached at jon@calumetmedia.ca.","sameAs":["https:\/\/calumetmedia.ca","http:\/\/www.instagram.com\/jonstewartshow","http:\/\/www.linkedin.com\/in\/jonstewartshow","https:\/\/x.com\/JonStewartShow"],"url":"https:\/\/calumetmedia.ca\/fr\/author\/dailyshow\/"}]}},"_links":{"self":[{"href":"https:\/\/calumetmedia.ca\/fr\/wp-json\/wp\/v2\/posts\/5781","targetHints":{"allow":["GET"]}}],"collection":[{"href":"https:\/\/calumetmedia.ca\/fr\/wp-json\/wp\/v2\/posts"}],"about":[{"href":"https:\/\/calumetmedia.ca\/fr\/wp-json\/wp\/v2\/types\/post"}],"author":[{"embeddable":true,"href":"https:\/\/calumetmedia.ca\/fr\/wp-json\/wp\/v2\/users\/1"}],"replies":[{"embeddable":true,"href":"https:\/\/calumetmedia.ca\/fr\/wp-json\/wp\/v2\/comments?post=5781"}],"version-history":[{"count":4,"href":"https:\/\/calumetmedia.ca\/fr\/wp-json\/wp\/v2\/posts\/5781\/revisions"}],"predecessor-version":[{"id":5834,"href":"https:\/\/calumetmedia.ca\/fr\/wp-json\/wp\/v2\/posts\/5781\/revisions\/5834"}],"wp:featuredmedia":[{"embeddable":true,"href":"https:\/\/calumetmedia.ca\/fr\/wp-json\/wp\/v2\/media\/5776"}],"wp:attachment":[{"href":"https:\/\/calumetmedia.ca\/fr\/wp-json\/wp\/v2\/media?parent=5781"}],"wp:term":[{"taxonomy":"category","embeddable":true,"href":"https:\/\/calumetmedia.ca\/fr\/wp-json\/wp\/v2\/categories?post=5781"},{"taxonomy":"post_tag","embeddable":true,"href":"https:\/\/calumetmedia.ca\/fr\/wp-json\/wp\/v2\/tags?post=5781"}],"curies":[{"name":"wp","href":"https:\/\/api.w.org\/{rel}","templated":true}]}}