{"id":5940,"date":"2026-01-12T18:17:00","date_gmt":"2026-01-12T23:17:00","guid":{"rendered":"https:\/\/calumetmedia.ca\/the-equitys-new-ai-policy\/"},"modified":"2026-03-20T18:28:16","modified_gmt":"2026-03-20T22:28:16","slug":"the-equitys-new-ai-policy","status":"publish","type":"post","link":"https:\/\/calumetmedia.ca\/fr\/the-equitys-new-ai-policy\/","title":{"rendered":"La nouvelle politique de The Equity sur l&rsquo;IA"},"content":{"rendered":"\n<p>Chez <em>The Equity<\/em>, nous avons toujours cru que le r\u00f4le d&rsquo;un journal local repose sur la confiance que nous b\u00e2tissons avec vous, nos voisins du Pontiac.<\/p>\n\n\n\n<p>Alors que l&rsquo;intelligence artificielle (IA) commence \u00e0 transformer la fa\u00e7on dont l&rsquo;information est produite, de nombreux grands \u00e9diteurs commencent \u00e0 peine \u00e0 r\u00e9aliser son potentiel \u2014 et ses lacunes. Nous ne voulions pas attendre. M\u00eame en tant que petit \u00e9diteur local, nous croyons qu&rsquo;il faut \u00eatre des chefs de file dans notre domaine. C&rsquo;est pourquoi nous avons d\u00e9j\u00e0 mis en place une <strong>politique officielle sur l&rsquo;IA<\/strong>, l&rsquo;une des premi\u00e8res pour une organisation de presse au Canada.<\/p>\n\n\n\n<h2 class=\"wp-block-heading\">Pourquoi une politique est-elle importante ?<\/h2>\n\n\n\n<p>Cette politique est une promesse envers nos lecteurs. C&rsquo;est notre fa\u00e7on de nous assurer que, m\u00eame si la technologie \u00e9volue, nos normes ne changent pas. Nous voulons que vous sachiez exactement quand un ordinateur nous aide et, plus important encore, quand il ne le fait pas.<\/p>\n\n\n\n<p><strong>Le c\u0153ur de notre engagement est simple :<\/strong><\/p>\n\n\n\n<ul class=\"wp-block-list\">\n<li><strong>Un journalisme centr\u00e9 sur l&rsquo;humain :<\/strong> Tous nos articles et nos photos sont cr\u00e9\u00e9s par de vraies personnes qui vivent et travaillent ici m\u00eame.<\/li>\n\n\n\n<li><strong>Transparence totale :<\/strong> Si nous utilisons l&rsquo;IA pour quoi que ce soit d&rsquo;autre qu&rsquo;une simple correction d&rsquo;\u00e9preuves ou de la recherche, nous vous en informerons d\u00e8s le d\u00e9but de l&rsquo;article.<\/li>\n\n\n\n<li><strong>Aucun raccourci avec la v\u00e9rit\u00e9 :<\/strong> Nous n&rsquo;utiliserons jamais l&rsquo;IA pour cr\u00e9er de fausses citations, des sources fictives ou des \u00ab photos \u00bb d&rsquo;\u00e9v\u00e9nements qui n&rsquo;ont pas eu lieu dans la r\u00e9alit\u00e9.<\/li>\n<\/ul>\n\n\n\n<h2 class=\"wp-block-heading\">Ouvrir la voie<\/h2>\n\n\n\n<p>En \u00e9tablissant ces r\u00e8gles d\u00e8s maintenant, nous veillons \u00e0 ce que <em>The Equity<\/em> demeure une source fiable pour les 140 prochaines ann\u00e9es. Nous sommes fiers d&rsquo;\u00eatre \u00e0 l&rsquo;avant-garde, prouvant ainsi qu&rsquo;il n&rsquo;est pas n\u00e9cessaire d&rsquo;\u00eatre un g\u00e9ant mondial des m\u00e9dias pour diriger avec int\u00e9grit\u00e9.<\/p>\n\n\n\n<p>Nous vous invitons \u00e0 lire la politique compl\u00e8te pour d\u00e9couvrir comment nous concilions les nouveaux outils avec le reportage local traditionnel.<\/p>\n\n\n\n<p><strong>Lisez la politique compl\u00e8te ici :<\/strong> <a target=\"_blank\" rel=\"noreferrer noopener\" href=\"https:\/\/www.google.com\/search?q=http:\/\/theequity.ca\/ai-policy\">theequity.ca\/ai-policy<\/a><\/p>\n","protected":false},"excerpt":{"rendered":"<p>Chez The Equity, nous avons toujours cru que le r\u00f4le d&rsquo;un journal local repose sur la confiance que nous b\u00e2tissons avec vous, nos voisins du Pontiac. Alors que l&rsquo;intelligence artificielle (IA) commence \u00e0 transformer la fa\u00e7on dont l&rsquo;information est produite, de nombreux grands \u00e9diteurs commencent \u00e0 peine \u00e0 r\u00e9aliser son potentiel \u2014 et ses lacunes. [&hellip;]<\/p>\n","protected":false},"author":1,"featured_media":5937,"comment_status":"closed","ping_status":"closed","sticky":false,"template":"","format":"standard","meta":{"footnotes":""},"categories":[],"tags":[],"class_list":["post-5940","post","type-post","status-publish","format-standard","has-post-thumbnail","hentry"],"yoast_head":"<!-- This site is optimized with the Yoast SEO plugin v27.5 - https:\/\/yoast.com\/product\/yoast-seo-wordpress\/ -->\n<title>La nouvelle politique de The Equity sur l&#039;IA - Calumet Media<\/title>\n<meta name=\"robots\" content=\"index, follow, max-snippet:-1, max-image-preview:large, max-video-preview:-1\" \/>\n<link rel=\"canonical\" href=\"https:\/\/calumetmedia.ca\/fr\/the-equitys-new-ai-policy\/\" \/>\n<meta property=\"og:locale\" content=\"fr_FR\" \/>\n<meta property=\"og:type\" content=\"article\" \/>\n<meta property=\"og:title\" content=\"La nouvelle politique de The Equity sur l&#039;IA - Calumet Media\" \/>\n<meta property=\"og:description\" content=\"Chez The Equity, nous avons toujours cru que le r\u00f4le d&rsquo;un journal local repose sur la confiance que nous b\u00e2tissons avec vous, nos voisins du Pontiac. Alors que l&rsquo;intelligence artificielle (IA) commence \u00e0 transformer la fa\u00e7on dont l&rsquo;information est produite, de nombreux grands \u00e9diteurs commencent \u00e0 peine \u00e0 r\u00e9aliser son potentiel \u2014 et ses lacunes. [&hellip;]\" \/>\n<meta property=\"og:url\" content=\"https:\/\/calumetmedia.ca\/fr\/the-equitys-new-ai-policy\/\" \/>\n<meta property=\"og:site_name\" content=\"Calumet Media\" \/>\n<meta property=\"article:publisher\" content=\"https:\/\/www.facebook.com\/calumetmedia\" \/>\n<meta property=\"article:author\" content=\"http:\/\/www.instagram.com\/jonstewartshow\" \/>\n<meta property=\"article:published_time\" content=\"2026-01-12T23:17:00+00:00\" \/>\n<meta property=\"article:modified_time\" content=\"2026-03-20T22:28:16+00:00\" \/>\n<meta property=\"og:image\" content=\"https:\/\/calumetmedia.ca\/wp-content\/uploads\/2026\/03\/ai-policy-the-equity-copy.webp\" \/>\n\t<meta property=\"og:image:width\" content=\"2000\" \/>\n\t<meta property=\"og:image:height\" content=\"1334\" \/>\n\t<meta property=\"og:image:type\" content=\"image\/webp\" \/>\n<meta name=\"author\" content=\"Jon Stewart\" \/>\n<meta name=\"twitter:card\" content=\"summary_large_image\" \/>\n<meta name=\"twitter:creator\" content=\"@JonStewartShow\" \/>\n<meta name=\"twitter:site\" content=\"@calumetmedia\" \/>\n<meta name=\"twitter:label1\" content=\"\u00c9crit par\" \/>\n\t<meta name=\"twitter:data1\" content=\"Jon Stewart\" \/>\n\t<meta name=\"twitter:label2\" content=\"Dur\u00e9e de lecture estim\u00e9e\" \/>\n\t<meta name=\"twitter:data2\" content=\"2 minutes\" \/>\n<script type=\"application\/ld+json\" class=\"yoast-schema-graph\">{\"@context\":\"https:\\\/\\\/schema.org\",\"@graph\":[{\"@type\":\"Article\",\"@id\":\"https:\\\/\\\/calumetmedia.ca\\\/fr\\\/the-equitys-new-ai-policy\\\/#article\",\"isPartOf\":{\"@id\":\"https:\\\/\\\/calumetmedia.ca\\\/fr\\\/the-equitys-new-ai-policy\\\/\"},\"author\":{\"name\":\"Jon Stewart\",\"@id\":\"https:\\\/\\\/calumetmedia.ca\\\/fr\\\/#\\\/schema\\\/person\\\/6f577b023197a5a66d3d6e97f9112ffb\"},\"headline\":\"La nouvelle politique de The Equity sur l&rsquo;IA\",\"datePublished\":\"2026-01-12T23:17:00+00:00\",\"dateModified\":\"2026-03-20T22:28:16+00:00\",\"mainEntityOfPage\":{\"@id\":\"https:\\\/\\\/calumetmedia.ca\\\/fr\\\/the-equitys-new-ai-policy\\\/\"},\"wordCount\":369,\"publisher\":{\"@id\":\"https:\\\/\\\/calumetmedia.ca\\\/fr\\\/#organization\"},\"image\":{\"@id\":\"https:\\\/\\\/calumetmedia.ca\\\/fr\\\/the-equitys-new-ai-policy\\\/#primaryimage\"},\"thumbnailUrl\":\"https:\\\/\\\/calumetmedia.ca\\\/wp-content\\\/uploads\\\/2026\\\/03\\\/ai-policy-the-equity-copy.webp\",\"inLanguage\":\"fr-FR\"},{\"@type\":\"WebPage\",\"@id\":\"https:\\\/\\\/calumetmedia.ca\\\/fr\\\/the-equitys-new-ai-policy\\\/\",\"url\":\"https:\\\/\\\/calumetmedia.ca\\\/fr\\\/the-equitys-new-ai-policy\\\/\",\"name\":\"La nouvelle politique de The Equity sur l'IA - Calumet Media\",\"isPartOf\":{\"@id\":\"https:\\\/\\\/calumetmedia.ca\\\/fr\\\/#website\"},\"primaryImageOfPage\":{\"@id\":\"https:\\\/\\\/calumetmedia.ca\\\/fr\\\/the-equitys-new-ai-policy\\\/#primaryimage\"},\"image\":{\"@id\":\"https:\\\/\\\/calumetmedia.ca\\\/fr\\\/the-equitys-new-ai-policy\\\/#primaryimage\"},\"thumbnailUrl\":\"https:\\\/\\\/calumetmedia.ca\\\/wp-content\\\/uploads\\\/2026\\\/03\\\/ai-policy-the-equity-copy.webp\",\"datePublished\":\"2026-01-12T23:17:00+00:00\",\"dateModified\":\"2026-03-20T22:28:16+00:00\",\"breadcrumb\":{\"@id\":\"https:\\\/\\\/calumetmedia.ca\\\/fr\\\/the-equitys-new-ai-policy\\\/#breadcrumb\"},\"inLanguage\":\"fr-FR\",\"potentialAction\":[{\"@type\":\"ReadAction\",\"target\":[\"https:\\\/\\\/calumetmedia.ca\\\/fr\\\/the-equitys-new-ai-policy\\\/\"]}]},{\"@type\":\"ImageObject\",\"inLanguage\":\"fr-FR\",\"@id\":\"https:\\\/\\\/calumetmedia.ca\\\/fr\\\/the-equitys-new-ai-policy\\\/#primaryimage\",\"url\":\"https:\\\/\\\/calumetmedia.ca\\\/wp-content\\\/uploads\\\/2026\\\/03\\\/ai-policy-the-equity-copy.webp\",\"contentUrl\":\"https:\\\/\\\/calumetmedia.ca\\\/wp-content\\\/uploads\\\/2026\\\/03\\\/ai-policy-the-equity-copy.webp\",\"width\":2000,\"height\":1334},{\"@type\":\"BreadcrumbList\",\"@id\":\"https:\\\/\\\/calumetmedia.ca\\\/fr\\\/the-equitys-new-ai-policy\\\/#breadcrumb\",\"itemListElement\":[{\"@type\":\"ListItem\",\"position\":1,\"name\":\"Home\",\"item\":\"https:\\\/\\\/calumetmedia.ca\\\/fr\\\/\"},{\"@type\":\"ListItem\",\"position\":2,\"name\":\"La nouvelle politique de The Equity sur l&#8217;IA\"}]},{\"@type\":\"WebSite\",\"@id\":\"https:\\\/\\\/calumetmedia.ca\\\/fr\\\/#website\",\"url\":\"https:\\\/\\\/calumetmedia.ca\\\/fr\\\/\",\"name\":\"Calumet Media and Consulting\",\"description\":\"Solutions de marketing compl\u00e8tes pour les entreprises locales\",\"publisher\":{\"@id\":\"https:\\\/\\\/calumetmedia.ca\\\/fr\\\/#organization\"},\"alternateName\":\"Calumet Media\",\"potentialAction\":[{\"@type\":\"SearchAction\",\"target\":{\"@type\":\"EntryPoint\",\"urlTemplate\":\"https:\\\/\\\/calumetmedia.ca\\\/fr\\\/?s={search_term_string}\"},\"query-input\":{\"@type\":\"PropertyValueSpecification\",\"valueRequired\":true,\"valueName\":\"search_term_string\"}}],\"inLanguage\":\"fr-FR\"},{\"@type\":\"Organization\",\"@id\":\"https:\\\/\\\/calumetmedia.ca\\\/fr\\\/#organization\",\"name\":\"Calumet Media and Consulting\",\"alternateName\":\"Calumet Media\",\"url\":\"https:\\\/\\\/calumetmedia.ca\\\/fr\\\/\",\"logo\":{\"@type\":\"ImageObject\",\"inLanguage\":\"fr-FR\",\"@id\":\"https:\\\/\\\/calumetmedia.ca\\\/fr\\\/#\\\/schema\\\/logo\\\/image\\\/\",\"url\":\"https:\\\/\\\/qbse39.p3cdn1.secureserver.net\\\/wp-content\\\/uploads\\\/2023\\\/01\\\/chat-icon-calumet-long.png?time=1677097172\",\"contentUrl\":\"https:\\\/\\\/qbse39.p3cdn1.secureserver.net\\\/wp-content\\\/uploads\\\/2023\\\/01\\\/chat-icon-calumet-long.png?time=1677097172\",\"width\":648,\"height\":468,\"caption\":\"Calumet Media and Consulting\"},\"image\":{\"@id\":\"https:\\\/\\\/calumetmedia.ca\\\/fr\\\/#\\\/schema\\\/logo\\\/image\\\/\"},\"sameAs\":[\"https:\\\/\\\/www.facebook.com\\\/calumetmedia\",\"https:\\\/\\\/x.com\\\/calumetmedia\",\"https:\\\/\\\/www.linkedin.com\\\/company\\\/calumet-media-consulting\\\/\",\"http:\\\/\\\/www.instagram.com\\\/jonstewartshow\"]},{\"@type\":\"Person\",\"@id\":\"https:\\\/\\\/calumetmedia.ca\\\/fr\\\/#\\\/schema\\\/person\\\/6f577b023197a5a66d3d6e97f9112ffb\",\"name\":\"Jon Stewart\",\"image\":{\"@type\":\"ImageObject\",\"inLanguage\":\"fr-FR\",\"@id\":\"https:\\\/\\\/secure.gravatar.com\\\/avatar\\\/8083a3249676f6bd39b949bb7a88aaa7f607e4059ace93425db991e4711a1f0a?s=96&d=blank&r=g\",\"url\":\"https:\\\/\\\/secure.gravatar.com\\\/avatar\\\/8083a3249676f6bd39b949bb7a88aaa7f607e4059ace93425db991e4711a1f0a?s=96&d=blank&r=g\",\"contentUrl\":\"https:\\\/\\\/secure.gravatar.com\\\/avatar\\\/8083a3249676f6bd39b949bb7a88aaa7f607e4059ace93425db991e4711a1f0a?s=96&d=blank&r=g\",\"caption\":\"Jon Stewart\"},\"description\":\"Located in the Pontiac region of Quebec, Jon is a sales and marketing executive with more than twenty years of experience in the radio and media industries. Passionate about helping businesses get their footing in the constantly evolving digital landscape, he can be reached at jon@calumetmedia.ca.\",\"sameAs\":[\"https:\\\/\\\/calumetmedia.ca\",\"http:\\\/\\\/www.instagram.com\\\/jonstewartshow\",\"http:\\\/\\\/www.linkedin.com\\\/in\\\/jonstewartshow\",\"https:\\\/\\\/x.com\\\/JonStewartShow\"],\"url\":\"https:\\\/\\\/calumetmedia.ca\\\/fr\\\/author\\\/dailyshow\\\/\"}]}<\/script>\n<!-- \/ Yoast SEO plugin. -->","yoast_head_json":{"title":"La nouvelle politique de The Equity sur l'IA - Calumet Media","robots":{"index":"index","follow":"follow","max-snippet":"max-snippet:-1","max-image-preview":"max-image-preview:large","max-video-preview":"max-video-preview:-1"},"canonical":"https:\/\/calumetmedia.ca\/fr\/the-equitys-new-ai-policy\/","og_locale":"fr_FR","og_type":"article","og_title":"La nouvelle politique de The Equity sur l'IA - Calumet Media","og_description":"Chez The Equity, nous avons toujours cru que le r\u00f4le d&rsquo;un journal local repose sur la confiance que nous b\u00e2tissons avec vous, nos voisins du Pontiac. Alors que l&rsquo;intelligence artificielle (IA) commence \u00e0 transformer la fa\u00e7on dont l&rsquo;information est produite, de nombreux grands \u00e9diteurs commencent \u00e0 peine \u00e0 r\u00e9aliser son potentiel \u2014 et ses lacunes. [&hellip;]","og_url":"https:\/\/calumetmedia.ca\/fr\/the-equitys-new-ai-policy\/","og_site_name":"Calumet Media","article_publisher":"https:\/\/www.facebook.com\/calumetmedia","article_author":"http:\/\/www.instagram.com\/jonstewartshow","article_published_time":"2026-01-12T23:17:00+00:00","article_modified_time":"2026-03-20T22:28:16+00:00","og_image":[{"width":2000,"height":1334,"url":"https:\/\/calumetmedia.ca\/wp-content\/uploads\/2026\/03\/ai-policy-the-equity-copy.webp","type":"image\/webp"}],"author":"Jon Stewart","twitter_card":"summary_large_image","twitter_creator":"@JonStewartShow","twitter_site":"@calumetmedia","twitter_misc":{"\u00c9crit par":"Jon Stewart","Dur\u00e9e de lecture estim\u00e9e":"2 minutes"},"schema":{"@context":"https:\/\/schema.org","@graph":[{"@type":"Article","@id":"https:\/\/calumetmedia.ca\/fr\/the-equitys-new-ai-policy\/#article","isPartOf":{"@id":"https:\/\/calumetmedia.ca\/fr\/the-equitys-new-ai-policy\/"},"author":{"name":"Jon Stewart","@id":"https:\/\/calumetmedia.ca\/fr\/#\/schema\/person\/6f577b023197a5a66d3d6e97f9112ffb"},"headline":"La nouvelle politique de The Equity sur l&rsquo;IA","datePublished":"2026-01-12T23:17:00+00:00","dateModified":"2026-03-20T22:28:16+00:00","mainEntityOfPage":{"@id":"https:\/\/calumetmedia.ca\/fr\/the-equitys-new-ai-policy\/"},"wordCount":369,"publisher":{"@id":"https:\/\/calumetmedia.ca\/fr\/#organization"},"image":{"@id":"https:\/\/calumetmedia.ca\/fr\/the-equitys-new-ai-policy\/#primaryimage"},"thumbnailUrl":"https:\/\/calumetmedia.ca\/wp-content\/uploads\/2026\/03\/ai-policy-the-equity-copy.webp","inLanguage":"fr-FR"},{"@type":"WebPage","@id":"https:\/\/calumetmedia.ca\/fr\/the-equitys-new-ai-policy\/","url":"https:\/\/calumetmedia.ca\/fr\/the-equitys-new-ai-policy\/","name":"La nouvelle politique de The Equity sur l'IA - Calumet Media","isPartOf":{"@id":"https:\/\/calumetmedia.ca\/fr\/#website"},"primaryImageOfPage":{"@id":"https:\/\/calumetmedia.ca\/fr\/the-equitys-new-ai-policy\/#primaryimage"},"image":{"@id":"https:\/\/calumetmedia.ca\/fr\/the-equitys-new-ai-policy\/#primaryimage"},"thumbnailUrl":"https:\/\/calumetmedia.ca\/wp-content\/uploads\/2026\/03\/ai-policy-the-equity-copy.webp","datePublished":"2026-01-12T23:17:00+00:00","dateModified":"2026-03-20T22:28:16+00:00","breadcrumb":{"@id":"https:\/\/calumetmedia.ca\/fr\/the-equitys-new-ai-policy\/#breadcrumb"},"inLanguage":"fr-FR","potentialAction":[{"@type":"ReadAction","target":["https:\/\/calumetmedia.ca\/fr\/the-equitys-new-ai-policy\/"]}]},{"@type":"ImageObject","inLanguage":"fr-FR","@id":"https:\/\/calumetmedia.ca\/fr\/the-equitys-new-ai-policy\/#primaryimage","url":"https:\/\/calumetmedia.ca\/wp-content\/uploads\/2026\/03\/ai-policy-the-equity-copy.webp","contentUrl":"https:\/\/calumetmedia.ca\/wp-content\/uploads\/2026\/03\/ai-policy-the-equity-copy.webp","width":2000,"height":1334},{"@type":"BreadcrumbList","@id":"https:\/\/calumetmedia.ca\/fr\/the-equitys-new-ai-policy\/#breadcrumb","itemListElement":[{"@type":"ListItem","position":1,"name":"Home","item":"https:\/\/calumetmedia.ca\/fr\/"},{"@type":"ListItem","position":2,"name":"La nouvelle politique de The Equity sur l&#8217;IA"}]},{"@type":"WebSite","@id":"https:\/\/calumetmedia.ca\/fr\/#website","url":"https:\/\/calumetmedia.ca\/fr\/","name":"Calumet Media and Consulting","description":"Solutions de marketing compl\u00e8tes pour les entreprises locales","publisher":{"@id":"https:\/\/calumetmedia.ca\/fr\/#organization"},"alternateName":"Calumet Media","potentialAction":[{"@type":"SearchAction","target":{"@type":"EntryPoint","urlTemplate":"https:\/\/calumetmedia.ca\/fr\/?s={search_term_string}"},"query-input":{"@type":"PropertyValueSpecification","valueRequired":true,"valueName":"search_term_string"}}],"inLanguage":"fr-FR"},{"@type":"Organization","@id":"https:\/\/calumetmedia.ca\/fr\/#organization","name":"Calumet Media and Consulting","alternateName":"Calumet Media","url":"https:\/\/calumetmedia.ca\/fr\/","logo":{"@type":"ImageObject","inLanguage":"fr-FR","@id":"https:\/\/calumetmedia.ca\/fr\/#\/schema\/logo\/image\/","url":"https:\/\/qbse39.p3cdn1.secureserver.net\/wp-content\/uploads\/2023\/01\/chat-icon-calumet-long.png?time=1677097172","contentUrl":"https:\/\/qbse39.p3cdn1.secureserver.net\/wp-content\/uploads\/2023\/01\/chat-icon-calumet-long.png?time=1677097172","width":648,"height":468,"caption":"Calumet Media and Consulting"},"image":{"@id":"https:\/\/calumetmedia.ca\/fr\/#\/schema\/logo\/image\/"},"sameAs":["https:\/\/www.facebook.com\/calumetmedia","https:\/\/x.com\/calumetmedia","https:\/\/www.linkedin.com\/company\/calumet-media-consulting\/","http:\/\/www.instagram.com\/jonstewartshow"]},{"@type":"Person","@id":"https:\/\/calumetmedia.ca\/fr\/#\/schema\/person\/6f577b023197a5a66d3d6e97f9112ffb","name":"Jon Stewart","image":{"@type":"ImageObject","inLanguage":"fr-FR","@id":"https:\/\/secure.gravatar.com\/avatar\/8083a3249676f6bd39b949bb7a88aaa7f607e4059ace93425db991e4711a1f0a?s=96&d=blank&r=g","url":"https:\/\/secure.gravatar.com\/avatar\/8083a3249676f6bd39b949bb7a88aaa7f607e4059ace93425db991e4711a1f0a?s=96&d=blank&r=g","contentUrl":"https:\/\/secure.gravatar.com\/avatar\/8083a3249676f6bd39b949bb7a88aaa7f607e4059ace93425db991e4711a1f0a?s=96&d=blank&r=g","caption":"Jon Stewart"},"description":"Located in the Pontiac region of Quebec, Jon is a sales and marketing executive with more than twenty years of experience in the radio and media industries. Passionate about helping businesses get their footing in the constantly evolving digital landscape, he can be reached at jon@calumetmedia.ca.","sameAs":["https:\/\/calumetmedia.ca","http:\/\/www.instagram.com\/jonstewartshow","http:\/\/www.linkedin.com\/in\/jonstewartshow","https:\/\/x.com\/JonStewartShow"],"url":"https:\/\/calumetmedia.ca\/fr\/author\/dailyshow\/"}]}},"_links":{"self":[{"href":"https:\/\/calumetmedia.ca\/fr\/wp-json\/wp\/v2\/posts\/5940","targetHints":{"allow":["GET"]}}],"collection":[{"href":"https:\/\/calumetmedia.ca\/fr\/wp-json\/wp\/v2\/posts"}],"about":[{"href":"https:\/\/calumetmedia.ca\/fr\/wp-json\/wp\/v2\/types\/post"}],"author":[{"embeddable":true,"href":"https:\/\/calumetmedia.ca\/fr\/wp-json\/wp\/v2\/users\/1"}],"replies":[{"embeddable":true,"href":"https:\/\/calumetmedia.ca\/fr\/wp-json\/wp\/v2\/comments?post=5940"}],"version-history":[{"count":1,"href":"https:\/\/calumetmedia.ca\/fr\/wp-json\/wp\/v2\/posts\/5940\/revisions"}],"predecessor-version":[{"id":5942,"href":"https:\/\/calumetmedia.ca\/fr\/wp-json\/wp\/v2\/posts\/5940\/revisions\/5942"}],"wp:featuredmedia":[{"embeddable":true,"href":"https:\/\/calumetmedia.ca\/fr\/wp-json\/wp\/v2\/media\/5937"}],"wp:attachment":[{"href":"https:\/\/calumetmedia.ca\/fr\/wp-json\/wp\/v2\/media?parent=5940"}],"wp:term":[{"taxonomy":"category","embeddable":true,"href":"https:\/\/calumetmedia.ca\/fr\/wp-json\/wp\/v2\/categories?post=5940"},{"taxonomy":"post_tag","embeddable":true,"href":"https:\/\/calumetmedia.ca\/fr\/wp-json\/wp\/v2\/tags?post=5940"}],"curies":[{"name":"wp","href":"https:\/\/api.w.org\/{rel}","templated":true}]}}